{"id":127627,"date":"2023-11-03T06:33:55","date_gmt":"2023-11-03T12:33:55","guid":{"rendered":"https:\/\/nvnoticias.mx\/?p=127627"},"modified":"2023-11-03T06:33:56","modified_gmt":"2023-11-03T12:33:56","slug":"boric-expresa-preocupacion-por-gaza-a-biden","status":"publish","type":"post","link":"https:\/\/nvnoticias.mx\/index.php\/2023\/11\/03\/boric-expresa-preocupacion-por-gaza-a-biden\/","title":{"rendered":"Boric expresa preocupaci\u00f3n por Gaza a Biden"},"content":{"rendered":"\n<p>El presidente de Chile,&nbsp;Gabriel Boric&nbsp;expres\u00f3 su preocupaci\u00f3n a su hom\u00f3logo estadunidense, Joe Biden, sobre la cantidad de muertes y&nbsp;<strong>la violaci\u00f3n de derechos humanos que ha provocado la guerra entre Israel y Ham\u00e1s<\/strong>; as\u00ed mismo, pidi\u00f3 retirar a Cuba de la lista de Estados patrocinadores de terrorismo.<\/p>\n\n\n\n<p>El presidente Biden recibi\u00f3 en la Casa Blanca a Boric para hablar sobre&nbsp;<strong>la situaci\u00f3n que se est\u00e1 atravesando en la Franja de Gaza<\/strong>, tambi\u00e9n aprovecharon la reuni\u00f3n para destacar el v\u00ednculo de 200 a\u00f1os de relaci\u00f3n diplom\u00e1tica y su&nbsp;Tratado de Libre Comercio (TLC)&nbsp;que ambos pa\u00edses quieren preservar.<\/p>\n\n\n\n<blockquote class=\"wp-block-quote is-layout-flow wp-block-quote-is-layout-flow\"><p>&#8220;No dudo un segundo en condenar de la manera m\u00e1s en\u00e9rgica y categ\u00f3rica los atentados terroristas de Ham\u00e1s, exigimos la liberaci\u00f3n de todos los rehenes. Nosotros optamos por la humanidad y los atentados de Ham\u00e1s no tienen justificaci\u00f3n,<strong>&nbsp;as\u00ed como lo que est\u00e1 haciendo el gobierno del primer ministro israel\u00ed, Benjam\u00edn Netanyahu<\/strong>, merece nuestra m\u00e1s clara condena \u201c, declar\u00f3 Boric a periodistas a la salida del encuentro.<\/p><\/blockquote>\n\n\n\n<p>Tras ataque de miembros del movimiento islamista Ham\u00e1s, Biden ha sido uno de los principales apoyos de Israel, en el ataque&nbsp;<strong>murieron m\u00e1s de mil 400 personas<\/strong>&nbsp;y 240 personas fueron secuestradas y llevadas como rehenes a Gaza.<\/p>\n\n\n\n<p>En represalia\u00a0Israel\u00a0desencaden\u00f3 bombardeos, reforzados con incursiones terrestres, que\u00a0<strong>dejaron a m\u00e1s de 9 mil muertos, entre ellos 3 mil 760 ni\u00f1os.<\/strong><\/p>\n\n\n\n<p>Fuente: <a href=\"https:\/\/www.milenio.com\/internacional\/boric-reprocha-biden-postura-eu-gaza-cuba\" data-type=\"URL\" data-id=\"https:\/\/www.milenio.com\/internacional\/boric-reprocha-biden-postura-eu-gaza-cuba\">Milenio<\/a><\/p>\n","protected":false},"excerpt":{"rendered":"<p>El presidente de Chile,&nbsp;Gabriel Boric&nbsp;expres\u00f3 su preocupaci\u00f3n a su hom\u00f3logo estadunidense, Joe Biden, sobre la cantidad de muertes y&nbsp;la violaci\u00f3n de derechos humanos que ha provocado la guerra entre Israel y Ham\u00e1s; as\u00ed mismo, pidi\u00f3 retirar a Cuba de la lista de Estados patrocinadores de terrorismo. El presidente Biden recibi\u00f3 en la Casa Blanca a [&hellip;]<\/p>\n","protected":false},"author":35,"featured_media":127631,"comment_status":"open","ping_status":"open","sticky":false,"template":"","format":"standard","meta":{"_monsterinsights_skip_tracking":false,"_monsterinsights_sitenote_active":false,"_monsterinsights_sitenote_note":"","_monsterinsights_sitenote_category":0,"footnotes":""},"categories":[181],"tags":[8057,28116,182],"class_list":["post-127627","post","type-post","status-publish","format-standard","has-post-thumbnail","hentry","category-internacional","tag-gabriel-boric","tag-gaza-de-franja","tag-joe-biden","wp-image-borders"],"amp_enabled":true,"_links":{"self":[{"href":"https:\/\/nvnoticias.mx\/index.php\/wp-json\/wp\/v2\/posts\/127627","targetHints":{"allow":["GET"]}}],"collection":[{"href":"https:\/\/nvnoticias.mx\/index.php\/wp-json\/wp\/v2\/posts"}],"about":[{"href":"https:\/\/nvnoticias.mx\/index.php\/wp-json\/wp\/v2\/types\/post"}],"author":[{"embeddable":true,"href":"https:\/\/nvnoticias.mx\/index.php\/wp-json\/wp\/v2\/users\/35"}],"replies":[{"embeddable":true,"href":"https:\/\/nvnoticias.mx\/index.php\/wp-json\/wp\/v2\/comments?post=127627"}],"version-history":[{"count":5,"href":"https:\/\/nvnoticias.mx\/index.php\/wp-json\/wp\/v2\/posts\/127627\/revisions"}],"predecessor-version":[{"id":127633,"href":"https:\/\/nvnoticias.mx\/index.php\/wp-json\/wp\/v2\/posts\/127627\/revisions\/127633"}],"wp:featuredmedia":[{"embeddable":true,"href":"https:\/\/nvnoticias.mx\/index.php\/wp-json\/wp\/v2\/media\/127631"}],"wp:attachment":[{"href":"https:\/\/nvnoticias.mx\/index.php\/wp-json\/wp\/v2\/media?parent=127627"}],"wp:term":[{"taxonomy":"category","embeddable":true,"href":"https:\/\/nvnoticias.mx\/index.php\/wp-json\/wp\/v2\/categories?post=127627"},{"taxonomy":"post_tag","embeddable":true,"href":"https:\/\/nvnoticias.mx\/index.php\/wp-json\/wp\/v2\/tags?post=127627"}],"curies":[{"name":"wp","href":"https:\/\/api.w.org\/{rel}","templated":true}]}}