{"id":127611,"date":"2023-11-03T06:13:15","date_gmt":"2023-11-03T12:13:15","guid":{"rendered":"https:\/\/nvnoticias.mx\/?p=127611"},"modified":"2023-11-03T06:13:17","modified_gmt":"2023-11-03T12:13:17","slug":"aplaza-ebrard-decision-sobre-su-futuro-politico","status":"publish","type":"post","link":"https:\/\/nvnoticias.mx\/index.php\/2023\/11\/03\/aplaza-ebrard-decision-sobre-su-futuro-politico\/","title":{"rendered":"Aplaza Ebrard decisi\u00f3n sobre su futuro pol\u00edtico"},"content":{"rendered":"\n<p><strong>Marcelo Ebrard<\/strong>\u00a0aplaz\u00f3 la decisi\u00f3n sobre su futuro pol\u00edtico. Y aunque dijo en Tijuana, Baja California, que este 3 de noviembre har\u00eda p\u00fablica\u00a0su decisi\u00f3n sobre seguir o no en Morena, la falta de resoluci\u00f3n al recurso que present\u00f3 ante la Comisi\u00f3n Nacional de Honestidad y Justicia le obliga a tomarse unos d\u00edas m\u00e1s.<\/p>\n\n\n\n<p>Fuentes del primer c\u00edrculo del ex secretario de Relaciones Exteriores consultadas por\u00a0<strong>MILENIO<\/strong>, se\u00f1alaron que Ebrard Casaubon \u2013quien reci\u00e9n lleg\u00f3 a M\u00e9xico tras unas vacaciones en Europa\u2013\u00a0<strong>anunciar\u00e1 su decisi\u00f3n final despu\u00e9s del 10 de noviembre.<\/strong><\/p>\n\n\n\n<blockquote class=\"wp-block-quote is-layout-flow wp-block-quote-is-layout-flow\"><p>\u201cAnoche tuvimos una reuni\u00f3n nacional con todos los enlaces de las 32 entidades y con todos los cuadros pol\u00edticos del pa\u00eds, y ah\u00ed qued\u00f3 claro que el 3 de noviembre no va a pasar nada, que vamos a esperar a que se anuncien las candidaturas a gubernaturas, y luego, si no ha dado respuesta Morena, pues ya se tendr\u00e1 que tomar una decisi\u00f3n\u201d, explic\u00f3 una de las fuentes.<\/p><\/blockquote>\n\n\n\n<p>El equipo de Marcelo Ebrard sigue a la espera de la notificaci\u00f3n sobre la fecha de la reuni\u00f3n de conciliaci\u00f3n con las comisiones de Encuestas y Elecciones, as\u00ed como el\u00a0<strong>Consejo Nacional de Morena,<\/strong>\u00a0en el marco de\u00a0la impugnaci\u00f3n que present\u00f3 contra el proceso interno del partido.<\/p>\n\n\n\n<p>El plazo para dicha notificaci\u00f3n venci\u00f3 el 20 de octubre, tras cumplirse los 15 d\u00edas h\u00e1biles, a partir de que la comisi\u00f3n admiti\u00f3 la queja de Ebrard Casaubon, pero los representantes del ex canciller&nbsp;<strong>no han recibido ning\u00fan llamamiento<\/strong>, de acuerdo con otra fuente.<\/p>\n\n\n\n<p>El camino de resoluci\u00f3n de la queja todav\u00eda es largo. En caso de que Ebrard y las instancias de Morena impugnadas no lleguen a un acuerdo conciliatorio,\u00a0<strong>se tendr\u00e1 que realizar la audiencia de alegatos y pruebas<\/strong>, en la cual la CNHJ deber\u00e1 emitir una resoluci\u00f3n.<\/p>\n\n\n\n<p>Fuente: <a href=\"https:\/\/www.milenio.com\/politica\/elecciones\/marcelo-ebrard-aplaza-decision-futuro-politico\" data-type=\"URL\" data-id=\"https:\/\/www.milenio.com\/politica\/elecciones\/marcelo-ebrard-aplaza-decision-futuro-politico\">Milenio<\/a> <\/p>\n","protected":false},"excerpt":{"rendered":"<p>Marcelo Ebrard\u00a0aplaz\u00f3 la decisi\u00f3n sobre su futuro pol\u00edtico. Y aunque dijo en Tijuana, Baja California, que este 3 de noviembre har\u00eda p\u00fablica\u00a0su decisi\u00f3n sobre seguir o no en Morena, la falta de resoluci\u00f3n al recurso que present\u00f3 ante la Comisi\u00f3n Nacional de Honestidad y Justicia le obliga a tomarse unos d\u00edas m\u00e1s. Fuentes del primer [&hellip;]<\/p>\n","protected":false},"author":35,"featured_media":86520,"comment_status":"open","ping_status":"open","sticky":false,"template":"","format":"standard","meta":{"_monsterinsights_skip_tracking":false,"_monsterinsights_sitenote_active":false,"_monsterinsights_sitenote_note":"","_monsterinsights_sitenote_category":0,"footnotes":""},"categories":[158],"tags":[15594,27188,391],"class_list":["post-127611","post","type-post","status-publish","format-standard","has-post-thumbnail","hentry","category-politica","tag-aplaza","tag-futuro-politico","tag-marcelo-ebrard","wp-image-borders"],"amp_enabled":true,"_links":{"self":[{"href":"https:\/\/nvnoticias.mx\/index.php\/wp-json\/wp\/v2\/posts\/127611","targetHints":{"allow":["GET"]}}],"collection":[{"href":"https:\/\/nvnoticias.mx\/index.php\/wp-json\/wp\/v2\/posts"}],"about":[{"href":"https:\/\/nvnoticias.mx\/index.php\/wp-json\/wp\/v2\/types\/post"}],"author":[{"embeddable":true,"href":"https:\/\/nvnoticias.mx\/index.php\/wp-json\/wp\/v2\/users\/35"}],"replies":[{"embeddable":true,"href":"https:\/\/nvnoticias.mx\/index.php\/wp-json\/wp\/v2\/comments?post=127611"}],"version-history":[{"count":3,"href":"https:\/\/nvnoticias.mx\/index.php\/wp-json\/wp\/v2\/posts\/127611\/revisions"}],"predecessor-version":[{"id":127614,"href":"https:\/\/nvnoticias.mx\/index.php\/wp-json\/wp\/v2\/posts\/127611\/revisions\/127614"}],"wp:featuredmedia":[{"embeddable":true,"href":"https:\/\/nvnoticias.mx\/index.php\/wp-json\/wp\/v2\/media\/86520"}],"wp:attachment":[{"href":"https:\/\/nvnoticias.mx\/index.php\/wp-json\/wp\/v2\/media?parent=127611"}],"wp:term":[{"taxonomy":"category","embeddable":true,"href":"https:\/\/nvnoticias.mx\/index.php\/wp-json\/wp\/v2\/categories?post=127611"},{"taxonomy":"post_tag","embeddable":true,"href":"https:\/\/nvnoticias.mx\/index.php\/wp-json\/wp\/v2\/tags?post=127611"}],"curies":[{"name":"wp","href":"https:\/\/api.w.org\/{rel}","templated":true}]}}