{"id":127589,"date":"2023-11-02T19:22:28","date_gmt":"2023-11-03T01:22:28","guid":{"rendered":"https:\/\/nvnoticias.mx\/?p=127589"},"modified":"2023-11-02T19:22:29","modified_gmt":"2023-11-03T01:22:29","slug":"los-retos-de-xochitl","status":"publish","type":"post","link":"https:\/\/nvnoticias.mx\/index.php\/2023\/11\/02\/los-retos-de-xochitl\/","title":{"rendered":"Los retos de X\u00f3chitl"},"content":{"rendered":"\n<p><strong>Ricardo Homs <\/strong><\/p>\n\n\n\n<p>X\u00f3chitl debiese estar muy arropada por los grupos sociales de clase media. Sin embargo, es en este sector donde con total banalidad&nbsp;<strong>se le critica por su lenguaje<\/strong>&nbsp;y&nbsp;<strong>modismos populacheros<\/strong>&nbsp;sin entender que precisamente ah\u00ed es donde est\u00e1 su fortaleza.<\/p>\n\n\n\n<p><strong>X\u00f3chitl&nbsp;<\/strong>est\u00e1 tratando de conectar con los sectores populares y eso no lo entienden algunos&nbsp;<strong>sectores ilustrados<\/strong>. El voto que se necesita es donde est\u00e1 la masa cr\u00edtica del pa\u00eds. Ella debe salir a buscar, -a los arrepentidos que hoy se sienten traicionados por la ausencia de solidaridad de este movimiento&nbsp;<strong>involutivo&nbsp;<\/strong>de la&nbsp;<strong>4T<\/strong>-, as\u00ed como a los indecisos.<\/p>\n\n\n\n<p>Lo que hoy debemos buscar no es el mejor perfil de candidato para&nbsp;<strong>presidente de la rep\u00fablica<\/strong>, sino el candidato m\u00e1s competitivo y con<strong>&nbsp;posibilidades de ganar<\/strong>&nbsp;la elecci\u00f3n presidencial.<\/p>\n\n\n\n<p>No es lo mismo ser&nbsp;<strong>un buen candidato<\/strong>&nbsp;que un buen presidente\u2026 el ejemplo est\u00e1 a la vista. El mejor perfil de presidente&nbsp;<strong>podr\u00eda no ganar una elecci\u00f3n<\/strong>&nbsp;ni en la colonia donde vive, y a su vez, el mejor candidato resultar ser el peor presidente de M\u00e9xico.<\/p>\n\n\n\n<p>Seguramente&nbsp;<strong>Beatriz Paredes<\/strong>&nbsp;trae m\u00e1s experiencia pol\u00edtica que X\u00f3chitl, pero para ganar una elecci\u00f3n tan competitiva como la que se avecina, se requiere la frescura y espontaneidad que trae X\u00f3chitl.<\/p>\n\n\n\n<p><strong>El reto de X\u00f3chitl&nbsp;<\/strong>ser\u00e1 conseguir el voto del mayor n\u00famero de mexicanos.<\/p>\n\n\n\n<p>Sin embargo, parece ser que las mujeres est\u00e1n<strong>&nbsp;carentes de simpat\u00eda<\/strong>&nbsp;hacia X\u00f3chitl. La sororidad est\u00e1 ausente.<\/p>\n\n\n\n<p>En contraste, en Claudia no ven mas que a la elegida del presidente, que habla como \u00e9l, trae su&nbsp;<strong>misma narrativa y hasta palabras cotidianas&nbsp;<\/strong>de \u00e9l. No es su identidad femenina la&nbsp;<strong>que atraer\u00e1 el voto<\/strong>, sino la presencia invisible de quien la apadrina.<\/p>\n\n\n\n<p>Definitivamente el reto de X\u00f3chitl ser\u00e1 retener a ese sector de la&nbsp;<strong>clase media&nbsp;<\/strong>que no se siente representada por ella, sin entender que por encima de sus susceptibilidades debe estar un&nbsp;<strong>objetivo fundamental<\/strong>, no dejar&nbsp;<strong>espacios abiertos<\/strong>&nbsp;a la permanencia de un proyecto pol\u00edtico que est\u00e1 frenando el desarrollo de nuestro pa\u00eds. Incluso es fundamental que se comprenda que no votar por no hacerlo a favor de ella, en autom\u00e1tico se convierte en un voto<strong>&nbsp;a favor de la 4T<\/strong>.<\/p>\n\n\n\n<p>Los retos de X\u00f3chitl&nbsp;<strong>son complejos<\/strong>, pero no imposibles de superar.<\/p>\n\n\n\n<p><strong>CONGRUENCIA<\/strong><\/p>\n\n\n\n<p>El conocimiento y la inteligencia&nbsp;<strong>hacen a las personas m\u00e1s responsables y congruentes<\/strong>, porque les da una visi\u00f3n de largo alcance y una responsabilidad moral. En contraste, la&nbsp;<strong>ignorancia<\/strong>, la&nbsp;<strong>inteligencia corta&nbsp;<\/strong>y la&nbsp;<strong>estupidez&nbsp;<\/strong>hacen osadas y&nbsp;<strong>soberbias&nbsp;<\/strong>a las personas cuando adquieren poder.<\/p>\n\n\n\n<p>La senadora morenista<strong>&nbsp;Olga S\u00e1nchez Cordero&nbsp;<\/strong>dio una lecci\u00f3n de congruencia y responsabilidad moral a la bancada de&nbsp;<strong>MORENA<\/strong>, a los dirigentes del partido y al inquilino del palacio.<\/p>\n\n\n\n<p>Durante la votaci\u00f3n realizada en&nbsp;<strong>el Senado se opuso<\/strong>&nbsp;a la destrucci\u00f3n de los 13 fideicomisos, poni\u00e9ndose de inmediato en contra de las instrucciones de quien se siente due\u00f1o de M\u00e9xico, con lo cual seguramente&nbsp;<strong>tiene los d\u00edas contados<\/strong>&nbsp;en Morena y quedar\u00e1 marcada como enemiga de la 4T. Su mensaje al pleno durante la votaci\u00f3n fue impecable. Mostr\u00f3 que para ser ministro de la&nbsp;<strong>SCJN&nbsp;<\/strong>se requiere un perfil forjado en el estudio, el conocimiento y la disciplina.<\/p>\n\n\n\n<p><strong>GOBIERNO REBASADO<\/strong><\/p>\n\n\n\n<p><strong>El hurac\u00e1n Otis<\/strong>, -que impact\u00f3 a Acapulco-, puso en evidencia las limitaciones del gobierno de la improvisaci\u00f3n, que lo mismo extingue los 13 fideicomisos del&nbsp;<strong>Poder Judicial<\/strong>, que el&nbsp;<strong>FONDEN<\/strong>, creado para apoyar en desastres naturales.<\/p>\n\n\n\n<p>Es en estos casos donde la realidad se impone sobre las ideas demag\u00f3gicas y los argumentos pol\u00edticos. No s\u00f3lo se extinguieron<strong>&nbsp;109 fideicomisos&nbsp;<\/strong>anteriormente, -entre los que se cuenta el FONDEN-, mas los 13 que se le arrebatan al Poder Judicial, sino que tambi\u00e9n se despidi\u00f3 en muchas dependencias a&nbsp;<strong>valiosos funcionarios p\u00fablicos&nbsp;<\/strong>con experiencia probada y conocimientos, simplemente por haberse<strong>&nbsp;formado en gobiernos neoliberales<\/strong>. Fueron sustituidos por gente sin el perfil ni los merecimientos profesionales para resolver situaciones cr\u00edticas. Las p\u00e9rdidas las iremos descubriendo con el tiempo.<\/p>\n\n\n\n<p>\u00bfA Usted qu\u00e9 le parece?<\/p>\n\n\n\n<p>Facebook: @Ricardo.Homs1<\/p>\n\n\n\n<p>Twitter: @homsricardo<\/p>\n\n\n\n<p>Linkedin: Ricardo Homs<\/p>\n\n\n\n<p><a href=\"http:\/\/www.ricardohoms.com\/\" target=\"_blank\" rel=\"noreferrer noopener\">www.ricardohoms.com<\/a><\/p>\n","protected":false},"excerpt":{"rendered":"<p>Ricardo Homs X\u00f3chitl debiese estar muy arropada por los grupos sociales de clase media. Sin embargo, es en este sector donde con total banalidad&nbsp;se le critica por su lenguaje&nbsp;y&nbsp;modismos populacheros&nbsp;sin entender que precisamente ah\u00ed es donde est\u00e1 su fortaleza. X\u00f3chitl&nbsp;est\u00e1 tratando de conectar con los sectores populares y eso no lo entienden algunos&nbsp;sectores ilustrados. El [&hellip;]<\/p>\n","protected":false},"author":18,"featured_media":119430,"comment_status":"open","ping_status":"open","sticky":false,"template":"","format":"standard","meta":{"_monsterinsights_skip_tracking":false,"_monsterinsights_sitenote_active":false,"_monsterinsights_sitenote_note":"","_monsterinsights_sitenote_category":0,"footnotes":""},"categories":[246],"tags":[173],"class_list":["post-127589","post","type-post","status-publish","format-standard","has-post-thumbnail","hentry","category-ricardo-homs","tag-ricardo-homs","wp-image-borders"],"amp_enabled":true,"_links":{"self":[{"href":"https:\/\/nvnoticias.mx\/index.php\/wp-json\/wp\/v2\/posts\/127589","targetHints":{"allow":["GET"]}}],"collection":[{"href":"https:\/\/nvnoticias.mx\/index.php\/wp-json\/wp\/v2\/posts"}],"about":[{"href":"https:\/\/nvnoticias.mx\/index.php\/wp-json\/wp\/v2\/types\/post"}],"author":[{"embeddable":true,"href":"https:\/\/nvnoticias.mx\/index.php\/wp-json\/wp\/v2\/users\/18"}],"replies":[{"embeddable":true,"href":"https:\/\/nvnoticias.mx\/index.php\/wp-json\/wp\/v2\/comments?post=127589"}],"version-history":[{"count":1,"href":"https:\/\/nvnoticias.mx\/index.php\/wp-json\/wp\/v2\/posts\/127589\/revisions"}],"predecessor-version":[{"id":127590,"href":"https:\/\/nvnoticias.mx\/index.php\/wp-json\/wp\/v2\/posts\/127589\/revisions\/127590"}],"wp:featuredmedia":[{"embeddable":true,"href":"https:\/\/nvnoticias.mx\/index.php\/wp-json\/wp\/v2\/media\/119430"}],"wp:attachment":[{"href":"https:\/\/nvnoticias.mx\/index.php\/wp-json\/wp\/v2\/media?parent=127589"}],"wp:term":[{"taxonomy":"category","embeddable":true,"href":"https:\/\/nvnoticias.mx\/index.php\/wp-json\/wp\/v2\/categories?post=127589"},{"taxonomy":"post_tag","embeddable":true,"href":"https:\/\/nvnoticias.mx\/index.php\/wp-json\/wp\/v2\/tags?post=127589"}],"curies":[{"name":"wp","href":"https:\/\/api.w.org\/{rel}","templated":true}]}}