{"id":127563,"date":"2023-11-02T18:34:54","date_gmt":"2023-11-03T00:34:54","guid":{"rendered":"https:\/\/nvnoticias.mx\/?p=127563"},"modified":"2023-11-02T18:34:55","modified_gmt":"2023-11-03T00:34:55","slug":"empresarias-buscan-perspectiva-y-paridad-de-genero-en-consejos-empresariales","status":"publish","type":"post","link":"https:\/\/nvnoticias.mx\/index.php\/2023\/11\/02\/empresarias-buscan-perspectiva-y-paridad-de-genero-en-consejos-empresariales\/","title":{"rendered":"Empresarias buscan perspectiva y paridad de g\u00e9nero en consejos empresariales"},"content":{"rendered":"\n<p><strong>Jes\u00fas Utrilla \/ NV Noticias<\/strong><\/p>\n\n\n\n<p>Norma Ram\u00edrez Hinojosa, presidenta del Consejo Coordinador de Mujeres Empresarias, subray\u00f3 que en los consejos de empresas, apenas un 11 por ciento de esos espacios son ocupados por mujeres. <\/p>\n\n\n\n<p>Por esta raz\u00f3n, respaldan la iniciativa de reforma a la Ley de C\u00e1maras Empresariales y Confederaciones, presentada en el Senado, que busca integrar la perspectiva y paridad de g\u00e9nero.<\/p>\n\n\n\n<blockquote class=\"wp-block-quote is-layout-flow wp-block-quote-is-layout-flow\"><p>&#8220;<em>Hemos logrado impulsar una iniciativa en el Senado para reformar la ley de c\u00e1maras empresariales y confederaciones. El objetivo es incluir la perspectiva de g\u00e9nero y la paridad. Hace 20 a\u00f1os, solo el 20 por ciento del Congreso estaba conformado por diputadas y senadoras, y ahora representan el 50 por ciento&#8221;<\/em>.<\/p><\/blockquote>\n\n\n\n<p>El prop\u00f3sito de esta iniciativa es fomentar la perspectiva y paridad de g\u00e9nero en las c\u00e1maras empresariales y confederaciones, permitiendo que mujeres altamente capacitadas en sus sectores ocupen cargos de alta responsabilidad y toma de decisiones. <\/p>\n\n\n\n<p>Esto fortalecer\u00e1 la econom\u00eda y es esencial para un desarrollo sostenible a largo plazo, cumpliendo as\u00ed con compromisos internacionales como los Objetivos de Desarrollo Sostenible de la ONU y la Convenci\u00f3n para la Eliminaci\u00f3n de todas las formas de Discriminaci\u00f3n contra la Mujer (CEDAW), entre otros.<\/p>\n\n\n\n<blockquote class=\"wp-block-quote is-layout-flow wp-block-quote-is-layout-flow\"><p>&#8220;<em>Lo que estamos impulsando es un cambio en la ley para que se incorpore, en algunos art\u00edculos, la perspectiva y paridad de g\u00e9nero al nombrar los consejos. Esto permitir\u00e1 que las mujeres tambi\u00e9n ocupen posiciones de liderazgo en las c\u00e1maras empresariales<\/em>&#8220;.<\/p><\/blockquote>\n\n\n\n<p>Ram\u00edrez Hinojosa subray\u00f3 la necesidad de establecer mecanismos que prevengan la discriminaci\u00f3n, la desigualdad y la exclusi\u00f3n de las mujeres.<\/p>\n","protected":false},"excerpt":{"rendered":"<p>Jes\u00fas Utrilla \/ NV Noticias Norma Ram\u00edrez Hinojosa, presidenta del Consejo Coordinador de Mujeres Empresarias, subray\u00f3 que en los consejos de empresas, apenas un 11 por ciento de esos espacios son ocupados por mujeres. Por esta raz\u00f3n, respaldan la iniciativa de reforma a la Ley de C\u00e1maras Empresariales y Confederaciones, presentada en el Senado, que [&hellip;]<\/p>\n","protected":false},"author":8,"featured_media":127564,"comment_status":"open","ping_status":"open","sticky":false,"template":"","format":"standard","meta":{"_monsterinsights_skip_tracking":false,"_monsterinsights_sitenote_active":false,"_monsterinsights_sitenote_note":"","_monsterinsights_sitenote_category":0,"footnotes":""},"categories":[154],"tags":[26298,5866,6716],"class_list":["post-127563","post","type-post","status-publish","format-standard","has-post-thumbnail","hentry","category-veracruz","tag-empresarias","tag-paridad-de-genero","tag-perspectiva-de-genero","wp-image-borders"],"amp_enabled":true,"_links":{"self":[{"href":"https:\/\/nvnoticias.mx\/index.php\/wp-json\/wp\/v2\/posts\/127563","targetHints":{"allow":["GET"]}}],"collection":[{"href":"https:\/\/nvnoticias.mx\/index.php\/wp-json\/wp\/v2\/posts"}],"about":[{"href":"https:\/\/nvnoticias.mx\/index.php\/wp-json\/wp\/v2\/types\/post"}],"author":[{"embeddable":true,"href":"https:\/\/nvnoticias.mx\/index.php\/wp-json\/wp\/v2\/users\/8"}],"replies":[{"embeddable":true,"href":"https:\/\/nvnoticias.mx\/index.php\/wp-json\/wp\/v2\/comments?post=127563"}],"version-history":[{"count":1,"href":"https:\/\/nvnoticias.mx\/index.php\/wp-json\/wp\/v2\/posts\/127563\/revisions"}],"predecessor-version":[{"id":127565,"href":"https:\/\/nvnoticias.mx\/index.php\/wp-json\/wp\/v2\/posts\/127563\/revisions\/127565"}],"wp:featuredmedia":[{"embeddable":true,"href":"https:\/\/nvnoticias.mx\/index.php\/wp-json\/wp\/v2\/media\/127564"}],"wp:attachment":[{"href":"https:\/\/nvnoticias.mx\/index.php\/wp-json\/wp\/v2\/media?parent=127563"}],"wp:term":[{"taxonomy":"category","embeddable":true,"href":"https:\/\/nvnoticias.mx\/index.php\/wp-json\/wp\/v2\/categories?post=127563"},{"taxonomy":"post_tag","embeddable":true,"href":"https:\/\/nvnoticias.mx\/index.php\/wp-json\/wp\/v2\/tags?post=127563"}],"curies":[{"name":"wp","href":"https:\/\/api.w.org\/{rel}","templated":true}]}}