{"id":127550,"date":"2023-11-02T12:45:56","date_gmt":"2023-11-02T18:45:56","guid":{"rendered":"https:\/\/nvnoticias.mx\/?p=127550"},"modified":"2023-11-02T12:45:57","modified_gmt":"2023-11-02T18:45:57","slug":"revelan-fecha-de-estreno-de-house-of-the-dragon-season-2","status":"publish","type":"post","link":"https:\/\/nvnoticias.mx\/index.php\/2023\/11\/02\/revelan-fecha-de-estreno-de-house-of-the-dragon-season-2\/","title":{"rendered":"Revelan fecha de estreno de &#8220;House of the Dragon&#8221; season 2"},"content":{"rendered":"\n<p><\/p>\n\n\n\n<p>La segunda temporada de la aclamada precuela de&nbsp;<strong>\u201cJuego de Tronos\u201d<\/strong>&nbsp;se emitir\u00e1 a \u201cprincipios del verano\u201d de 2024. La nueva entrega constar\u00e1 de ocho episodios, dos menos que la primera.<\/p>\n\n\n\n<p>El anuncio fue hecho por el jefe de HBO,&nbsp;<strong>Casey Bloys<\/strong>, durante un evento de prensa, donde tambi\u00e9n abord\u00f3 el informe de Rolling Stone de que emple\u00f3 cuentas falsas de Twitter para discutir con cr\u00edticos de televisi\u00f3n (calific\u00e1ndolo de \u201cmovimiento muy tonto\u201d).<\/p>\n\n\n\n<p>M\u00e1s de 53 a\u00f1os despu\u00e9s de su separaci\u00f3n, los Beatles vuelven con una nueva canci\u00f3n, mezclada y masterizada gracias a las&#8230;<\/p>\n\n\n\n<p>Bloys dijo que&nbsp;<em><strong>la temporada ha terminado de filmarse y actualmente se encuentra en postproducci\u00f3n.<\/strong><\/em><\/p>\n\n\n\n<p>Adem\u00e1s, revel\u00f3 que su pr\u00f3xima precuela de\u00a0<strong>\u201cThrones\u201d, \u201cA Knight of the Seven Kingdoms: The Hedge Knight\u201d<\/strong>, espera comenzar a rodarse en la primavera.<\/p>\n\n\n\n<p>Fuente: <a href=\"https:\/\/www.elheraldo.hn\/entretenimiento\/house-of-the-dragon-2-ya-tiene-fecha-de-estreno-PB16064083\" data-type=\"URL\" data-id=\"https:\/\/www.elheraldo.hn\/entretenimiento\/house-of-the-dragon-2-ya-tiene-fecha-de-estreno-PB16064083\">El Heraldo<\/a><\/p>\n","protected":false},"excerpt":{"rendered":"<p>La segunda temporada de la aclamada precuela de&nbsp;\u201cJuego de Tronos\u201d&nbsp;se emitir\u00e1 a \u201cprincipios del verano\u201d de 2024. La nueva entrega constar\u00e1 de ocho episodios, dos menos que la primera. El anuncio fue hecho por el jefe de HBO,&nbsp;Casey Bloys, durante un evento de prensa, donde tambi\u00e9n abord\u00f3 el informe de Rolling Stone de que emple\u00f3 [&hellip;]<\/p>\n","protected":false},"author":35,"featured_media":70589,"comment_status":"open","ping_status":"open","sticky":false,"template":"","format":"standard","meta":{"_monsterinsights_skip_tracking":false,"_monsterinsights_sitenote_active":false,"_monsterinsights_sitenote_note":"","_monsterinsights_sitenote_category":0,"footnotes":""},"categories":[576],"tags":[1349,125],"class_list":["post-127550","post","type-post","status-publish","format-standard","has-post-thumbnail","hentry","category-ocio","tag-house-of-the-dragon","tag-season-2","wp-image-borders"],"amp_enabled":true,"_links":{"self":[{"href":"https:\/\/nvnoticias.mx\/index.php\/wp-json\/wp\/v2\/posts\/127550","targetHints":{"allow":["GET"]}}],"collection":[{"href":"https:\/\/nvnoticias.mx\/index.php\/wp-json\/wp\/v2\/posts"}],"about":[{"href":"https:\/\/nvnoticias.mx\/index.php\/wp-json\/wp\/v2\/types\/post"}],"author":[{"embeddable":true,"href":"https:\/\/nvnoticias.mx\/index.php\/wp-json\/wp\/v2\/users\/35"}],"replies":[{"embeddable":true,"href":"https:\/\/nvnoticias.mx\/index.php\/wp-json\/wp\/v2\/comments?post=127550"}],"version-history":[{"count":3,"href":"https:\/\/nvnoticias.mx\/index.php\/wp-json\/wp\/v2\/posts\/127550\/revisions"}],"predecessor-version":[{"id":127553,"href":"https:\/\/nvnoticias.mx\/index.php\/wp-json\/wp\/v2\/posts\/127550\/revisions\/127553"}],"wp:featuredmedia":[{"embeddable":true,"href":"https:\/\/nvnoticias.mx\/index.php\/wp-json\/wp\/v2\/media\/70589"}],"wp:attachment":[{"href":"https:\/\/nvnoticias.mx\/index.php\/wp-json\/wp\/v2\/media?parent=127550"}],"wp:term":[{"taxonomy":"category","embeddable":true,"href":"https:\/\/nvnoticias.mx\/index.php\/wp-json\/wp\/v2\/categories?post=127550"},{"taxonomy":"post_tag","embeddable":true,"href":"https:\/\/nvnoticias.mx\/index.php\/wp-json\/wp\/v2\/tags?post=127550"}],"curies":[{"name":"wp","href":"https:\/\/api.w.org\/{rel}","templated":true}]}}