{"id":127460,"date":"2023-11-01T19:54:57","date_gmt":"2023-11-02T01:54:57","guid":{"rendered":"https:\/\/nvnoticias.mx\/?p=127460"},"modified":"2023-11-01T19:54:58","modified_gmt":"2023-11-02T01:54:58","slug":"suman-3-muertos-por-tormenta-tropical-pilar-en-el-salvador","status":"publish","type":"post","link":"https:\/\/nvnoticias.mx\/index.php\/2023\/11\/01\/suman-3-muertos-por-tormenta-tropical-pilar-en-el-salvador\/","title":{"rendered":"Suman 3 muertos por tormenta tropical &#8216;Pilar&#8217; en El Salvador"},"content":{"rendered":"\n<p>La cifra de fallecidos a causa de las lluvias generadas por la influencia en El Salvador de la tormenta tropical Pilar asciende a 3 y m\u00e1s de 550 personas se encuentran en albergues, seg\u00fan informaron este mi\u00e9rcoles autoridades del Gobierno.<br><br>La tercera v\u00edctima es un hombre de 31 a\u00f1os que &#8220;se encontraba trabajando en el embalse 15 de septiembre&#8221; y fue &#8220;sorprendido por una repunta&#8221;, se\u00f1al\u00f3 en una rueda de prensa el director de la Direcci\u00f3n General de Protecci\u00f3n Civil, Luis Amaya.<br><br>Indic\u00f3 que el incidente se registr\u00f3 en la localidad de Nueva Granada, en el departamento de Usulut\u00e1n a 110 kil\u00f3metros de la capital San Salvador.<br><br>Amaya apunt\u00f3 que la muerte del hombre se suma a la de 2 personas m\u00e1s, un hombre de 24 a\u00f1os y una mujer de 57 a\u00f1os, quienes fueron arrastrados por corrientes de agua.<br><br>El director de Protecci\u00f3n Civil detall\u00f3 que las precipitaciones tambi\u00e9n han dejado 39 deslizamientos, 4 muros colapsados, 112 \u00e1rboles ca\u00eddos, 27 viviendas da\u00f1adas y 2 desbordamientos de r\u00edo en los departamentos centrales de Caba\u00f1as y La Paz.<br><br>Por su parte, Josu\u00e9 Garc\u00eda, director de Albergues, indic\u00f3 que 18 albergues se encuentran activos &#8211; de los 110 a disposici\u00f3n &#8211; en diferentes zonas del pa\u00eds. En estos lugares hay albergadas m\u00e1s de 550 personas, de las que 172 son menores de edad, apunt\u00f3.<\/p>\n\n\n\n<p>El funcionario reiter\u00f3 que &#8220;las personas han sido trasladadas a estos albergues como una medida de prevenci\u00f3n&#8221;.<br><br>La tormenta tropical Pilar, que ha generado lluvias tipo temporal en El Salvador, &#8220;comienza a alejarse&#8221; de las costas del pa\u00eds centroamericano, pero las precipitaciones continuar\u00e1n en lo que resta de la semana, dijo este mi\u00e9rcoles el titular del Ministerio de Medio Ambiente y Recursos Naturales (MARN), Fernando L\u00f3pez.<br><br>En el \u00faltimo registro del Servicio Meteorol\u00f3gico Nacional (SMN), la tormenta Pilar estaba a 290 kil\u00f3metros al sureste de la desembocadura del r\u00edo Suchiate, en la frontera entre M\u00e9xico y Guatemala, y a 195 kil\u00f3metros al sur-suroeste de San Salvador, El Salvador.<\/p>\n","protected":false},"excerpt":{"rendered":"<p>La cifra de fallecidos a causa de las lluvias generadas por la influencia en El Salvador de la tormenta tropical Pilar asciende a 3 y m\u00e1s de 550 personas se encuentran en albergues, seg\u00fan informaron este mi\u00e9rcoles autoridades del Gobierno. La tercera v\u00edctima es un hombre de 31 a\u00f1os que &#8220;se encontraba trabajando en el [&hellip;]<\/p>\n","protected":false},"author":8,"featured_media":127461,"comment_status":"open","ping_status":"open","sticky":false,"template":"","format":"standard","meta":{"_monsterinsights_skip_tracking":false,"_monsterinsights_sitenote_active":false,"_monsterinsights_sitenote_note":"","_monsterinsights_sitenote_category":0,"footnotes":""},"categories":[181],"tags":[685,162,4649],"class_list":["post-127460","post","type-post","status-publish","format-standard","has-post-thumbnail","hentry","category-internacional","tag-el-salvador","tag-portada","tag-tormenta-tropical","wp-image-borders"],"amp_enabled":true,"_links":{"self":[{"href":"https:\/\/nvnoticias.mx\/index.php\/wp-json\/wp\/v2\/posts\/127460","targetHints":{"allow":["GET"]}}],"collection":[{"href":"https:\/\/nvnoticias.mx\/index.php\/wp-json\/wp\/v2\/posts"}],"about":[{"href":"https:\/\/nvnoticias.mx\/index.php\/wp-json\/wp\/v2\/types\/post"}],"author":[{"embeddable":true,"href":"https:\/\/nvnoticias.mx\/index.php\/wp-json\/wp\/v2\/users\/8"}],"replies":[{"embeddable":true,"href":"https:\/\/nvnoticias.mx\/index.php\/wp-json\/wp\/v2\/comments?post=127460"}],"version-history":[{"count":1,"href":"https:\/\/nvnoticias.mx\/index.php\/wp-json\/wp\/v2\/posts\/127460\/revisions"}],"predecessor-version":[{"id":127462,"href":"https:\/\/nvnoticias.mx\/index.php\/wp-json\/wp\/v2\/posts\/127460\/revisions\/127462"}],"wp:featuredmedia":[{"embeddable":true,"href":"https:\/\/nvnoticias.mx\/index.php\/wp-json\/wp\/v2\/media\/127461"}],"wp:attachment":[{"href":"https:\/\/nvnoticias.mx\/index.php\/wp-json\/wp\/v2\/media?parent=127460"}],"wp:term":[{"taxonomy":"category","embeddable":true,"href":"https:\/\/nvnoticias.mx\/index.php\/wp-json\/wp\/v2\/categories?post=127460"},{"taxonomy":"post_tag","embeddable":true,"href":"https:\/\/nvnoticias.mx\/index.php\/wp-json\/wp\/v2\/tags?post=127460"}],"curies":[{"name":"wp","href":"https:\/\/api.w.org\/{rel}","templated":true}]}}