{"id":127440,"date":"2023-11-01T15:51:05","date_gmt":"2023-11-01T21:51:05","guid":{"rendered":"https:\/\/nvnoticias.mx\/?p=127440"},"modified":"2023-11-01T15:51:05","modified_gmt":"2023-11-01T21:51:05","slug":"las-mean-girls-se-reencuentran-en-un-divertido-anuncio","status":"publish","type":"post","link":"https:\/\/nvnoticias.mx\/index.php\/2023\/11\/01\/las-mean-girls-se-reencuentran-en-un-divertido-anuncio\/","title":{"rendered":"Las &#8220;Mean Girls&#8221; se reencuentran en un divertido anuncio"},"content":{"rendered":"\n<p>Sin<strong>&nbsp;Rachel McAdams,<\/strong>&nbsp;pero juntas. Las&nbsp;&#8220;Chicas pesadas&#8221;&nbsp;se volvieron a reunir, despu\u00e9s de 19 a\u00f1os, para revivir algunos de los momentos m\u00e1s&nbsp;ic\u00f3nicos de la cl\u00e1sica pel\u00edcula juvenil en un video comercial.<\/p>\n\n\n\n<p><strong>Lindsay Lohan, Lacey Chabert&nbsp;<\/strong>y&nbsp;<strong>Amanda Seyfried<\/strong>&nbsp;encabezan el clip en el que sus personajes, ahora ya en una versi\u00f3n adulta, se encuentran en el futuro y se han convertido en mam\u00e1 para el caso de Gretchen (Chabert), Karen (Seyfried) es presentadora del clima en televisi\u00f3n y Lindsay ahora es la consultora escolar del colegio donde ella y sus amigas eran las reinas de la popularidad.<\/p>\n\n\n\n<blockquote class=\"wp-block-quote is-layout-flow wp-block-quote-is-layout-flow\"><p>&#8220;Suban chicas, vamos a ir a las ofertas de compras&#8221;, dice Gretchen cuando pasa a recoger a su hija de la escuela North Shore.<\/p><\/blockquote>\n\n\n\n<p>Se trata de una producci\u00f3n para una cadena de supermercados con la que anuncian el &#8220;Viernes negro&#8221; anual, fecha en la que todos los comercios ofrecen sus mejores ofertas, y para esta empresa comenzar\u00e1 desde el d\u00eda mi\u00e9rcoles, un d\u00eda que en la pel\u00edcula se volvi\u00f3 ic\u00f3nico pues las protagonistas ten\u00edan la regla inquebrantable de usar ropa rosa ese d\u00eda de la semana.<\/p>\n\n\n\n<blockquote class=\"wp-block-quote is-layout-flow wp-block-quote-is-layout-flow\"><p>&#8220;En North Shore algunas cosas nunca cambian los mi\u00e9rcoles, a\u00fan&nbsp;nos vestimos de rosa&#8221;, describe la voz de Lindsay, como tambi\u00e9n lo hac\u00eda en la pel\u00edcula.<\/p><\/blockquote>\n\n\n\n<p>Tambi\u00e9n aparecen personajes como el de&nbsp;<strong>Daniel Franzese,<\/strong>&nbsp;que se convirti\u00f3 en un icono de la comunidad&nbsp;<strong>LGBTQ+<\/strong>, quien ahora es organizador del baile de Navidad en la escuela. La hija de Gretchen baila la misma coreograf\u00eda que en 2004 hizo con su grupo de amigas.<\/p>\n\n\n\n<p>Mientras que en el sal\u00f3n de deportes, donde en la cinta original un profesor les dio clases sobre sexualidad a los j\u00f3venes, ahora Missy Elliot les&nbsp;da&nbsp;clases sobre las ofertas. La rapera fue quien cre\u00f3 la canci\u00f3n emblem\u00e1tica para la pel\u00edcula, que aparece cuando a&nbsp;<strong>Regina George<\/strong>&nbsp;la cargan en hombros unos jugadores de f\u00fatbol. Rajiv Surendra, que interpret\u00f3 a Kevin Gnapoor ahora tambi\u00e9n es pap\u00e1 y tiene un &#8220;Kevin Jr.&#8221;.<\/p>\n\n\n\n<blockquote class=\"wp-block-quote is-layout-flow wp-block-quote-is-layout-flow\"><p>&#8220;Lo amamos, pero necesitamos a Regina (McAdamas)&#8221;, es el comentario m\u00e1s com\u00fan en el video publicado en redes sociales, donde los fans de la cinta piden el regreso de la l\u00edder del famoso grupo.<\/p><\/blockquote>\n\n\n\n<p>El almac\u00e9n de descuento lanzar\u00e1 un nuevo anuncio con el elenco cada mi\u00e9rcoles hasta el 24 de noviembre que ser\u00e1 el &#8220;Black Friday&#8221;.<\/p>\n\n\n\n<p>Fuente: <a href=\"https:\/\/www.eluniversal.com.mx\/espectaculos\/las-chicas-pesadas-se-reencuentran-en-un-divertido-anuncio-pero-sin-regina-george\/\" data-type=\"URL\" data-id=\"https:\/\/www.eluniversal.com.mx\/espectaculos\/las-chicas-pesadas-se-reencuentran-en-un-divertido-anuncio-pero-sin-regina-george\/\">El Universal<\/a> <\/p>\n","protected":false},"excerpt":{"rendered":"<p>Sin&nbsp;Rachel McAdams,&nbsp;pero juntas. Las&nbsp;&#8220;Chicas pesadas&#8221;&nbsp;se volvieron a reunir, despu\u00e9s de 19 a\u00f1os, para revivir algunos de los momentos m\u00e1s&nbsp;ic\u00f3nicos de la cl\u00e1sica pel\u00edcula juvenil en un video comercial. Lindsay Lohan, Lacey Chabert&nbsp;y&nbsp;Amanda Seyfried&nbsp;encabezan el clip en el que sus personajes, ahora ya en una versi\u00f3n adulta, se encuentran en el futuro y se han convertido [&hellip;]<\/p>\n","protected":false},"author":35,"featured_media":127444,"comment_status":"open","ping_status":"open","sticky":false,"template":"","format":"standard","meta":{"_monsterinsights_skip_tracking":false,"_monsterinsights_sitenote_active":false,"_monsterinsights_sitenote_note":"","_monsterinsights_sitenote_category":0,"footnotes":""},"categories":[576],"tags":[28098,28096,7475,6374],"class_list":["post-127440","post","type-post","status-publish","format-standard","has-post-thumbnail","hentry","category-ocio","tag-amanda-seyfried","tag-lacey-chabert","tag-lindsay-lohan","tag-mean-girls","wp-image-borders"],"amp_enabled":true,"_links":{"self":[{"href":"https:\/\/nvnoticias.mx\/index.php\/wp-json\/wp\/v2\/posts\/127440","targetHints":{"allow":["GET"]}}],"collection":[{"href":"https:\/\/nvnoticias.mx\/index.php\/wp-json\/wp\/v2\/posts"}],"about":[{"href":"https:\/\/nvnoticias.mx\/index.php\/wp-json\/wp\/v2\/types\/post"}],"author":[{"embeddable":true,"href":"https:\/\/nvnoticias.mx\/index.php\/wp-json\/wp\/v2\/users\/35"}],"replies":[{"embeddable":true,"href":"https:\/\/nvnoticias.mx\/index.php\/wp-json\/wp\/v2\/comments?post=127440"}],"version-history":[{"count":3,"href":"https:\/\/nvnoticias.mx\/index.php\/wp-json\/wp\/v2\/posts\/127440\/revisions"}],"predecessor-version":[{"id":127443,"href":"https:\/\/nvnoticias.mx\/index.php\/wp-json\/wp\/v2\/posts\/127440\/revisions\/127443"}],"wp:featuredmedia":[{"embeddable":true,"href":"https:\/\/nvnoticias.mx\/index.php\/wp-json\/wp\/v2\/media\/127444"}],"wp:attachment":[{"href":"https:\/\/nvnoticias.mx\/index.php\/wp-json\/wp\/v2\/media?parent=127440"}],"wp:term":[{"taxonomy":"category","embeddable":true,"href":"https:\/\/nvnoticias.mx\/index.php\/wp-json\/wp\/v2\/categories?post=127440"},{"taxonomy":"post_tag","embeddable":true,"href":"https:\/\/nvnoticias.mx\/index.php\/wp-json\/wp\/v2\/tags?post=127440"}],"curies":[{"name":"wp","href":"https:\/\/api.w.org\/{rel}","templated":true}]}}