{"id":127365,"date":"2023-11-01T11:02:21","date_gmt":"2023-11-01T17:02:21","guid":{"rendered":"https:\/\/nvnoticias.mx\/?p=127365"},"modified":"2023-11-01T11:02:26","modified_gmt":"2023-11-01T17:02:26","slug":"crece-la-preferencia-por-la-cremacion","status":"publish","type":"post","link":"https:\/\/nvnoticias.mx\/index.php\/2023\/11\/01\/crece-la-preferencia-por-la-cremacion\/","title":{"rendered":"Crece la preferencia por la cremaci\u00f3n"},"content":{"rendered":"\n<p><strong>Jes\u00fas Utrilla \/ NV Noticias <\/strong><\/p>\n\n\n\n<p>En los \u00faltimos a\u00f1os, se observ\u00f3 un cambio significativo en las preferencias funerarias de las personas. Cada vez m\u00e1s, la tradici\u00f3n de velar y enterrar a los difuntos es reemplazada por la cremaci\u00f3n.<\/p>\n\n\n\n<p>Este cambio puede atribuirse a diversas razones. Algunas personas eligen la cremaci\u00f3n por motivos pr\u00e1cticos y econ\u00f3micos, ya que suele ser una opci\u00f3n m\u00e1s asequible en comparaci\u00f3n con un funeral tradicional.<\/p>\n\n\n\n<p>Adriana Tejeda, asesora de ventas de Funeraria del \u00c1ngel, dijo que el servicio a domicilio para velar a una persona puede costar 19 mil pesos, aproximadamente y cubre el mismo servicio que en una funeraria solamente que sin cafeter\u00eda.<\/p>\n\n\n\n<blockquote class=\"wp-block-quote is-layout-flow wp-block-quote-is-layout-flow\"><p><em>\u201cHay capillas tambi\u00e9n de 45 mil pesos, a lo mejor lo que var\u00eda es el ata\u00fad, lo puedes encontrar hasta de 200 mil pesos pero lo b\u00e1sico se cubre con 35 mil o 45 mil pesos y el m\u00e1s sencillo con 26 mil y lo puedes ir pagando durante tres a\u00f1os o tres a\u00f1os y medio si adquieres un paquete de prevenci\u00f3n\u201d.<\/em><\/p><\/blockquote>\n\n\n\n<p>Explic\u00f3 que el proceso de cremaci\u00f3n permite mayor flexibilidad en cuanto a la disposici\u00f3n de las cenizas, lo que brinda a las familias la posibilidad de elegir entre distintas opciones, como esparcirlas en un lugar significativo o conservarlas en una urna conmemorativa.<\/p>\n\n\n\n<p>Por otro lado, la cremaci\u00f3n tambi\u00e9n puede ser vista como una elecci\u00f3n m\u00e1s ecol\u00f3gica, ya que requiere menos recursos y espacio en comparaci\u00f3n con los entierros tradicionales.<\/p>\n\n\n\n<blockquote class=\"wp-block-quote is-layout-flow wp-block-quote-is-layout-flow\"><p>\u201cHay mucha gente que ya no quiera hacer velaciones o ese tipo de cosas y fallece la persona y directamente va a cremaci\u00f3n, tambi\u00e9n tenemos crematorio y sale en 17 mil pesos y todo eso lo puedes pagar poco a poco adquiriendo un paquete de prevenci\u00f3n\u201d.<\/p><\/blockquote>\n\n\n\n<p>La transici\u00f3n hacia la cremaci\u00f3n no significa la desaparici\u00f3n de las ceremonias de despedida. Las familias a\u00fan optan honrar la vida del difunto de manera significativa, independientemente de la elecci\u00f3n de cremaci\u00f3n o entierro.<\/p>\n\n\n\n<p>La preferencia por la cremaci\u00f3n es una elecci\u00f3n personal que busca adaptarse a las necesidades y deseos individuales de las familias.<\/p>\n\n\n\n<p><\/p>\n","protected":false},"excerpt":{"rendered":"<p>Jes\u00fas Utrilla \/ NV Noticias En los \u00faltimos a\u00f1os, se observ\u00f3 un cambio significativo en las preferencias funerarias de las personas. Cada vez m\u00e1s, la tradici\u00f3n de velar y enterrar a los difuntos es reemplazada por la cremaci\u00f3n. Este cambio puede atribuirse a diversas razones. Algunas personas eligen la cremaci\u00f3n por motivos pr\u00e1cticos y econ\u00f3micos, [&hellip;]<\/p>\n","protected":false},"author":8,"featured_media":21332,"comment_status":"open","ping_status":"open","sticky":false,"template":"","format":"standard","meta":{"_monsterinsights_skip_tracking":false,"_monsterinsights_sitenote_active":false,"_monsterinsights_sitenote_note":"","_monsterinsights_sitenote_category":0,"footnotes":""},"categories":[154],"tags":[520,872],"class_list":["post-127365","post","type-post","status-publish","format-standard","has-post-thumbnail","hentry","category-veracruz","tag-cremacion","tag-funerarias","wp-image-borders"],"amp_enabled":true,"_links":{"self":[{"href":"https:\/\/nvnoticias.mx\/index.php\/wp-json\/wp\/v2\/posts\/127365","targetHints":{"allow":["GET"]}}],"collection":[{"href":"https:\/\/nvnoticias.mx\/index.php\/wp-json\/wp\/v2\/posts"}],"about":[{"href":"https:\/\/nvnoticias.mx\/index.php\/wp-json\/wp\/v2\/types\/post"}],"author":[{"embeddable":true,"href":"https:\/\/nvnoticias.mx\/index.php\/wp-json\/wp\/v2\/users\/8"}],"replies":[{"embeddable":true,"href":"https:\/\/nvnoticias.mx\/index.php\/wp-json\/wp\/v2\/comments?post=127365"}],"version-history":[{"count":1,"href":"https:\/\/nvnoticias.mx\/index.php\/wp-json\/wp\/v2\/posts\/127365\/revisions"}],"predecessor-version":[{"id":127366,"href":"https:\/\/nvnoticias.mx\/index.php\/wp-json\/wp\/v2\/posts\/127365\/revisions\/127366"}],"wp:featuredmedia":[{"embeddable":true,"href":"https:\/\/nvnoticias.mx\/index.php\/wp-json\/wp\/v2\/media\/21332"}],"wp:attachment":[{"href":"https:\/\/nvnoticias.mx\/index.php\/wp-json\/wp\/v2\/media?parent=127365"}],"wp:term":[{"taxonomy":"category","embeddable":true,"href":"https:\/\/nvnoticias.mx\/index.php\/wp-json\/wp\/v2\/categories?post=127365"},{"taxonomy":"post_tag","embeddable":true,"href":"https:\/\/nvnoticias.mx\/index.php\/wp-json\/wp\/v2\/tags?post=127365"}],"curies":[{"name":"wp","href":"https:\/\/api.w.org\/{rel}","templated":true}]}}