{"id":127292,"date":"2023-10-31T14:30:58","date_gmt":"2023-10-31T20:30:58","guid":{"rendered":"https:\/\/nvnoticias.mx\/?p=127292"},"modified":"2023-10-31T14:30:59","modified_gmt":"2023-10-31T20:30:59","slug":"urgen-a-diputados-a-tipificar-violencia-vicaria","status":"publish","type":"post","link":"https:\/\/nvnoticias.mx\/index.php\/2023\/10\/31\/urgen-a-diputados-a-tipificar-violencia-vicaria\/","title":{"rendered":"Urgen a diputados a tipificar violencia vicaria"},"content":{"rendered":"\n<p><strong>Sam Ojeda \/ NV Noticias <\/strong><\/p>\n\n\n\n<p>Xalapa.- Integrantes del Frente Nacional contra la Violencia Vicaria reclamaron que desde febrero de este a\u00f1o presentaron ante el Congreso de Veracruz uni iniciativa para la creaci\u00f3n de la Ley contra la Violencia Vicaria, pero a ocho meses no se ha dictaminado. <\/p>\n\n\n\n<p>En conferencia de prensa, Teresa Auroze, integrante de este Frente en Veracruz, indic\u00f3 que en el estado hay al menos 35 casos identificados. <\/p>\n\n\n\n<blockquote class=\"wp-block-quote is-layout-flow wp-block-quote-is-layout-flow\"><p><em>\u201cEn Veracruz desde el 28 de febrero se present\u00f3 la propuesta para la creaci\u00f3n de la Ley Vicaria y es hora que no la han subido a pleno, no la han votado\u201d.<\/em><\/p><\/blockquote>\n\n\n\n<p>De ah\u00ed que dijo es necesario legislar sobre esta violencia que tiene como objetivo da\u00f1ar a la mujer a trav\u00e9s de sus seres queridos y especialmente de sus hijas e hijos. <\/p>\n\n\n\n<p>Afirm\u00f3 que en el estado de Veracruz tengo registradas 35 madres que viven violencia vicaria pero en toda la Rep\u00fablica suman 3 mil 152.<\/p>\n\n\n\n<blockquote class=\"wp-block-quote is-layout-flow wp-block-quote-is-layout-flow\"><p><em>\u201cEsto se eleva a hablar de 6 mil 175 infancias aproximadamente v\u00edctimas de esta violencia (\u2026) Empieza con el noviazgo, crece con el matrimonio tambi\u00e9n con la separaci\u00f3n, con denuncias de violencia previa y contin\u00faa creciendo con la sustracci\u00f3n de los ni\u00f1os\u201d. <\/em><\/p><\/blockquote>\n\n\n\n<p>Adem\u00e1s, dijo que la violencia vicaria tambi\u00e9n implica tambi\u00e9n otros tipos de violencia como la econ\u00f3mica, patrimonial, psicol\u00f3gica y la m\u00e1s cruel cuando se sustrae a los hijos para poder afectar a la madre.<\/p>\n\n\n\n<p><\/p>\n","protected":false},"excerpt":{"rendered":"<p>Sam Ojeda \/ NV Noticias Xalapa.- Integrantes del Frente Nacional contra la Violencia Vicaria reclamaron que desde febrero de este a\u00f1o presentaron ante el Congreso de Veracruz uni iniciativa para la creaci\u00f3n de la Ley contra la Violencia Vicaria, pero a ocho meses no se ha dictaminado. En conferencia de prensa, Teresa Auroze, integrante de [&hellip;]<\/p>\n","protected":false},"author":8,"featured_media":97446,"comment_status":"open","ping_status":"open","sticky":false,"template":"","format":"standard","meta":{"_monsterinsights_skip_tracking":false,"_monsterinsights_sitenote_active":false,"_monsterinsights_sitenote_note":"","_monsterinsights_sitenote_category":0,"footnotes":""},"categories":[156],"tags":[566,28069,21329],"class_list":["post-127292","post","type-post","status-publish","format-standard","has-post-thumbnail","hentry","category-estado","tag-diputados","tag-tipificacion","tag-violencia-vicaria","wp-image-borders"],"amp_enabled":true,"_links":{"self":[{"href":"https:\/\/nvnoticias.mx\/index.php\/wp-json\/wp\/v2\/posts\/127292","targetHints":{"allow":["GET"]}}],"collection":[{"href":"https:\/\/nvnoticias.mx\/index.php\/wp-json\/wp\/v2\/posts"}],"about":[{"href":"https:\/\/nvnoticias.mx\/index.php\/wp-json\/wp\/v2\/types\/post"}],"author":[{"embeddable":true,"href":"https:\/\/nvnoticias.mx\/index.php\/wp-json\/wp\/v2\/users\/8"}],"replies":[{"embeddable":true,"href":"https:\/\/nvnoticias.mx\/index.php\/wp-json\/wp\/v2\/comments?post=127292"}],"version-history":[{"count":1,"href":"https:\/\/nvnoticias.mx\/index.php\/wp-json\/wp\/v2\/posts\/127292\/revisions"}],"predecessor-version":[{"id":127293,"href":"https:\/\/nvnoticias.mx\/index.php\/wp-json\/wp\/v2\/posts\/127292\/revisions\/127293"}],"wp:featuredmedia":[{"embeddable":true,"href":"https:\/\/nvnoticias.mx\/index.php\/wp-json\/wp\/v2\/media\/97446"}],"wp:attachment":[{"href":"https:\/\/nvnoticias.mx\/index.php\/wp-json\/wp\/v2\/media?parent=127292"}],"wp:term":[{"taxonomy":"category","embeddable":true,"href":"https:\/\/nvnoticias.mx\/index.php\/wp-json\/wp\/v2\/categories?post=127292"},{"taxonomy":"post_tag","embeddable":true,"href":"https:\/\/nvnoticias.mx\/index.php\/wp-json\/wp\/v2\/tags?post=127292"}],"curies":[{"name":"wp","href":"https:\/\/api.w.org\/{rel}","templated":true}]}}