{"id":127091,"date":"2023-10-30T08:13:25","date_gmt":"2023-10-30T14:13:25","guid":{"rendered":"https:\/\/nvnoticias.mx\/?p=127091"},"modified":"2023-10-30T08:13:26","modified_gmt":"2023-10-30T14:13:26","slug":"dedica-checo-perez-emotivo-mensaje-a-sus-seguidores","status":"publish","type":"post","link":"https:\/\/nvnoticias.mx\/index.php\/2023\/10\/30\/dedica-checo-perez-emotivo-mensaje-a-sus-seguidores\/","title":{"rendered":"Dedica Checo P\u00e9rez emotivo mensaje a sus seguidores"},"content":{"rendered":"\n<p>El piloto mexicano,\u00a0<strong>Sergio\u00a0<\/strong>&#8220;<strong>Checo<\/strong>&#8221;\u00a0<strong>P\u00e9rez<\/strong>, le escribi\u00f3 un mensaje emotivo a sus seguidores en redes sociales. Y es que, tras quedar fuera del\u00a0<strong>Gran Premio de M\u00e9xico<\/strong>, &#8220;<strong>Checo<\/strong>&#8221; decidi\u00f3 sincerarse y agradecer el apoyo que recibi\u00f3 por parte de la afici\u00f3n tricolor.<\/p>\n\n\n\n<blockquote class=\"wp-block-quote is-layout-flow wp-block-quote-is-layout-flow\"><p>&#8220;Antes que nada solo quiero darles las gracias por todo de coraz\u00f3n, son los mejores fans del mundo&#8221;, escribi\u00f3 el tapat\u00edo.<\/p><\/blockquote>\n\n\n\n<p>Durante los primeros segundos del Grand Prix, &#8220;<strong>Checo<\/strong>&#8221; sufri\u00f3 da\u00f1os en su monoplaza porque choc\u00f3 con&nbsp;<strong>Charles Leclerc<\/strong>. Esto termin\u00f3 por dejarlo fuera de la carrera que se compiti\u00f3 en el Aut\u00f3dromo Hermanos Rodr\u00edguez.<\/p>\n\n\n\n<blockquote class=\"wp-block-quote is-layout-flow wp-block-quote-is-layout-flow\"><p>&#8220;Hoy lo dej\u00e9 todo en la pista, vi el espacio y arriesgu\u00e9. No fue culpa de\u00a0<strong>Charles<\/strong>, simplemente fue un incidente de carrera&#8221;, lament\u00f3\u00a0<strong>P\u00e9rez<\/strong>.<\/p><\/blockquote>\n\n\n\n<blockquote class=\"wp-block-quote is-layout-flow wp-block-quote-is-layout-flow\"><p>&#8220;No me sali\u00f3 pero lo dimos todo por buscar esa victoria. Orgulloso de nuestro esfuerzo por el gran trabajo este fin de semana. Nos vemos el pr\u00f3ximo a\u00f1o y lo volveremos a intentar&#8221;, finaliz\u00f3.<\/p><\/blockquote>\n\n\n\n<p>Fuente: <a href=\"https:\/\/www.eluniversal.com.mx\/deportes\/checo-perez-y-el-emotivo-mensaje-que-le-dedico-a-sus-seguidores-en-redes-sociales\/\" data-type=\"URL\" data-id=\"https:\/\/www.eluniversal.com.mx\/deportes\/checo-perez-y-el-emotivo-mensaje-que-le-dedico-a-sus-seguidores-en-redes-sociales\/\">El Universal<\/a> <\/p>\n","protected":false},"excerpt":{"rendered":"<p>El piloto mexicano,\u00a0Sergio\u00a0&#8220;Checo&#8221;\u00a0P\u00e9rez, le escribi\u00f3 un mensaje emotivo a sus seguidores en redes sociales. Y es que, tras quedar fuera del\u00a0Gran Premio de M\u00e9xico, &#8220;Checo&#8221; decidi\u00f3 sincerarse y agradecer el apoyo que recibi\u00f3 por parte de la afici\u00f3n tricolor. &#8220;Antes que nada solo quiero darles las gracias por todo de coraz\u00f3n, son los mejores fans [&hellip;]<\/p>\n","protected":false},"author":35,"featured_media":16620,"comment_status":"open","ping_status":"open","sticky":false,"template":"","format":"standard","meta":{"_monsterinsights_skip_tracking":false,"_monsterinsights_sitenote_active":false,"_monsterinsights_sitenote_note":"","_monsterinsights_sitenote_category":0,"footnotes":""},"categories":[159],"tags":[2977,11590,10900,7606,26378],"class_list":["post-127091","post","type-post","status-publish","format-standard","has-post-thumbnail","hentry","category-deportes","tag-checo-perez","tag-dedica","tag-emotivo","tag-mensaje","tag-seguidores","wp-image-borders"],"amp_enabled":true,"_links":{"self":[{"href":"https:\/\/nvnoticias.mx\/index.php\/wp-json\/wp\/v2\/posts\/127091","targetHints":{"allow":["GET"]}}],"collection":[{"href":"https:\/\/nvnoticias.mx\/index.php\/wp-json\/wp\/v2\/posts"}],"about":[{"href":"https:\/\/nvnoticias.mx\/index.php\/wp-json\/wp\/v2\/types\/post"}],"author":[{"embeddable":true,"href":"https:\/\/nvnoticias.mx\/index.php\/wp-json\/wp\/v2\/users\/35"}],"replies":[{"embeddable":true,"href":"https:\/\/nvnoticias.mx\/index.php\/wp-json\/wp\/v2\/comments?post=127091"}],"version-history":[{"count":3,"href":"https:\/\/nvnoticias.mx\/index.php\/wp-json\/wp\/v2\/posts\/127091\/revisions"}],"predecessor-version":[{"id":127094,"href":"https:\/\/nvnoticias.mx\/index.php\/wp-json\/wp\/v2\/posts\/127091\/revisions\/127094"}],"wp:featuredmedia":[{"embeddable":true,"href":"https:\/\/nvnoticias.mx\/index.php\/wp-json\/wp\/v2\/media\/16620"}],"wp:attachment":[{"href":"https:\/\/nvnoticias.mx\/index.php\/wp-json\/wp\/v2\/media?parent=127091"}],"wp:term":[{"taxonomy":"category","embeddable":true,"href":"https:\/\/nvnoticias.mx\/index.php\/wp-json\/wp\/v2\/categories?post=127091"},{"taxonomy":"post_tag","embeddable":true,"href":"https:\/\/nvnoticias.mx\/index.php\/wp-json\/wp\/v2\/tags?post=127091"}],"curies":[{"name":"wp","href":"https:\/\/api.w.org\/{rel}","templated":true}]}}