{"id":127027,"date":"2023-10-30T05:58:10","date_gmt":"2023-10-30T11:58:10","guid":{"rendered":"https:\/\/nvnoticias.mx\/?p=127027"},"modified":"2023-10-30T06:00:16","modified_gmt":"2023-10-30T12:00:16","slug":"exige-ruben-moreira-la-desaparicion-de-poderes-en-guerrero-por-su-deficiente-administracion","status":"publish","type":"post","link":"https:\/\/nvnoticias.mx\/index.php\/2023\/10\/30\/exige-ruben-moreira-la-desaparicion-de-poderes-en-guerrero-por-su-deficiente-administracion\/","title":{"rendered":"Exige Rub\u00e9n Moreira la desaparici\u00f3n de poderes en Guerrero por su deficiente administraci\u00f3n"},"content":{"rendered":"\n<p>El l\u00edder parlamentario del PRI en la C\u00e1mara de Diputados,&nbsp;<strong>Rub\u00e9n Moreira<\/strong>, se pronunci\u00f3 por la desaparici\u00f3n de poderes en el estado de Guerrero tras el&nbsp;<strong>asesinato del secretario de Seguridad y 12 polic\u00edas de Coyuca<\/strong>, as\u00ed como la ausencia de la gobernadora&nbsp;<strong>Evelyn Salgado<\/strong>&nbsp;en medio de la tragedia por el impacto del&nbsp;hurac\u00e1n&nbsp;<em>Otis<\/em>.<\/p>\n\n\n\n<blockquote class=\"wp-block-quote is-layout-flow wp-block-quote-is-layout-flow\"><p>\u201cSe\u00f1ora gobernadora, no hay control del estado sobre el territorio, por lo tanto tienen que desaparecer los poderes; yo s\u00e9 lo que significa esa afirmaci\u00f3n, pero por menos, recordemos, ya desaparecieron poderes ah\u00ed en Guerrero. Matan al secretario de seguridad y a 12 polic\u00edas, y la respuesta del estado es quitar a los funcionarios, no hay gobierno, digan lo que digan\u201d, acus\u00f3.<\/p><\/blockquote>\n\n\n\n<p>En su programa&nbsp;<strong>\u201cCon peras, manzanas y naranjas\u201d<\/strong>&nbsp;transmitido en redes sociales, Moreira calific\u00f3 como un fracaso del gobierno federal el hecho de que se haya roto la comunicaci\u00f3n entre la capital del pa\u00eds y el&nbsp;puerto de Acapulco&nbsp;durante las horas posteriores a la entrada de&nbsp;<em>Otis<\/em>.<\/p>\n\n\n\n<blockquote class=\"wp-block-quote is-layout-flow wp-block-quote-is-layout-flow\"><p>\u201c\u00bfQu\u00e9 pas\u00f3?, yo entiendo que se cayeron los celulares, \u00bfpero las l\u00edneas de emergencia y las radiocomunicaciones?, no sabemos d\u00f3nde estaba la gobernadora. Yo insisto, el gobierno de Morena es un gobierno neoliberal, no es un gobierno social\u201d, dijo.<\/p><p><\/p><\/blockquote>\n\n\n\n<p>Sostuvo que el problema est\u00e1 en que M\u00e9xico se est\u00e1 convirtiendo en una&nbsp;<strong>rep\u00fablica centralista&nbsp;<\/strong>y los estados mantienen a la federaci\u00f3n.<\/p>\n\n\n\n<blockquote class=\"wp-block-quote is-layout-flow wp-block-quote-is-layout-flow\"><p>\u201cLa propuesta de Morena es que ahora los estados se hagan cargo de la protecci\u00f3n civil. Lo que hace Morena y su gobierno no est\u00e1 bien, se est\u00e1 desmantelando el sistema de protecci\u00f3n civil que los mexicanos construimos. \u00bfC\u00f3mo se desmonta?, quit\u00e1ndole presupuesto\u201d, advirti\u00f3.<\/p><\/blockquote>\n\n\n\n<p>Moreira se refiri\u00f3 adem\u00e1s a las&nbsp;<strong>cifras de homicidios<\/strong>&nbsp;registradas en los&nbsp;<strong>\u00faltimos diez d\u00edas<\/strong>&nbsp;en varios estados del pa\u00eds:<\/p>\n\n\n\n<ul class=\"wp-block-list\"><li>Baja California: 57<\/li><li>Chihuahua: 43<\/li><li>Ciudad de M\u00e9xico: 20<\/li><li>Colima: 19<\/li><li>Guanajuato: 79<\/li><li>Guerrero: 43<\/li><li>Jalisco: 52<\/li><li>Morelos: 31<\/li><li>Puebla: 33<\/li><li>Veracruz: 30<\/li><li>Zacatecas: 26<\/li><li>Nuevo Le\u00f3n: 37<\/li><\/ul>\n\n\n\n<blockquote class=\"wp-block-quote is-layout-flow wp-block-quote-is-layout-flow\"><p>\u201cEn Nuevo Le\u00f3n, Samuel Garc\u00eda trae un problema de seguridad terrible, le asesinaron a jefes de polic\u00eda hace unos d\u00edas, el crimen est\u00e1 incontrolable\u201d, denunci\u00f3.<\/p><\/blockquote>\n\n\n\n<p>El legislador priista enumer\u00f3 los casos de&nbsp;Aguascalientes,&nbsp;<strong>Coahuila<\/strong>,&nbsp;<strong>Yucat\u00e1n<\/strong>&nbsp;y&nbsp;<strong>Quer\u00e9taro<\/strong>, en donde se reportaron cero homicidios, como ejemplo de que&nbsp;<strong>\u201cla paz s\u00ed se puede lograr\u201d<\/strong>.<\/p>\n\n\n\n<p>Fuente: <a href=\"https:\/\/www.milenio.com\/politica\/pri-exige-la-desaparicion-de-poderes-en-el-estado-de-guerrero\" data-type=\"URL\" data-id=\"https:\/\/www.milenio.com\/politica\/pri-exige-la-desaparicion-de-poderes-en-el-estado-de-guerrero\">Milenio<\/a> <\/p>\n","protected":false},"excerpt":{"rendered":"<p>El l\u00edder parlamentario del PRI en la C\u00e1mara de Diputados,&nbsp;Rub\u00e9n Moreira, se pronunci\u00f3 por la desaparici\u00f3n de poderes en el estado de Guerrero tras el&nbsp;asesinato del secretario de Seguridad y 12 polic\u00edas de Coyuca, as\u00ed como la ausencia de la gobernadora&nbsp;Evelyn Salgado&nbsp;en medio de la tragedia por el impacto del&nbsp;hurac\u00e1n&nbsp;Otis. \u201cSe\u00f1ora gobernadora, no hay control [&hellip;]<\/p>\n","protected":false},"author":35,"featured_media":61027,"comment_status":"open","ping_status":"open","sticky":false,"template":"","format":"standard","meta":{"_monsterinsights_skip_tracking":false,"_monsterinsights_sitenote_active":false,"_monsterinsights_sitenote_note":"","_monsterinsights_sitenote_category":0,"footnotes":""},"categories":[158],"tags":[4101,2231,28045],"class_list":["post-127027","post","type-post","status-publish","format-standard","has-post-thumbnail","hentry","category-politica","tag-desaparicion","tag-guerrero","tag-ruben-moreira","wp-image-borders"],"amp_enabled":true,"_links":{"self":[{"href":"https:\/\/nvnoticias.mx\/index.php\/wp-json\/wp\/v2\/posts\/127027","targetHints":{"allow":["GET"]}}],"collection":[{"href":"https:\/\/nvnoticias.mx\/index.php\/wp-json\/wp\/v2\/posts"}],"about":[{"href":"https:\/\/nvnoticias.mx\/index.php\/wp-json\/wp\/v2\/types\/post"}],"author":[{"embeddable":true,"href":"https:\/\/nvnoticias.mx\/index.php\/wp-json\/wp\/v2\/users\/35"}],"replies":[{"embeddable":true,"href":"https:\/\/nvnoticias.mx\/index.php\/wp-json\/wp\/v2\/comments?post=127027"}],"version-history":[{"count":4,"href":"https:\/\/nvnoticias.mx\/index.php\/wp-json\/wp\/v2\/posts\/127027\/revisions"}],"predecessor-version":[{"id":127034,"href":"https:\/\/nvnoticias.mx\/index.php\/wp-json\/wp\/v2\/posts\/127027\/revisions\/127034"}],"wp:featuredmedia":[{"embeddable":true,"href":"https:\/\/nvnoticias.mx\/index.php\/wp-json\/wp\/v2\/media\/61027"}],"wp:attachment":[{"href":"https:\/\/nvnoticias.mx\/index.php\/wp-json\/wp\/v2\/media?parent=127027"}],"wp:term":[{"taxonomy":"category","embeddable":true,"href":"https:\/\/nvnoticias.mx\/index.php\/wp-json\/wp\/v2\/categories?post=127027"},{"taxonomy":"post_tag","embeddable":true,"href":"https:\/\/nvnoticias.mx\/index.php\/wp-json\/wp\/v2\/tags?post=127027"}],"curies":[{"name":"wp","href":"https:\/\/api.w.org\/{rel}","templated":true}]}}