{"id":126822,"date":"2023-10-28T05:42:00","date_gmt":"2023-10-28T10:42:00","guid":{"rendered":"https:\/\/nvnoticias.mx\/?p=126822"},"modified":"2023-10-28T00:44:11","modified_gmt":"2023-10-28T05:44:11","slug":"aprueba-congreso-de-baja-california-sur-la-revocacion-de-mandato","status":"publish","type":"post","link":"https:\/\/nvnoticias.mx\/index.php\/2023\/10\/28\/aprueba-congreso-de-baja-california-sur-la-revocacion-de-mandato\/","title":{"rendered":"Aprueba congreso de Baja California Sur la revocaci\u00f3n de mandato"},"content":{"rendered":"\n<p>El\u00a0<strong>Congreso de Baja California Sur<\/strong>\u00a0aprob\u00f3 las modificaciones a la Constituci\u00f3n del estado para incluir la figura de\u00a0<strong>Revocaci\u00f3n de Mandato<\/strong>\u00a0para el titular del Poder Ejecutivo estatal.<\/p>\n\n\n\n<p>En sesi\u00f3n, se someti\u00f3 a discusi\u00f3n el dictamen presentado por la Comisi\u00f3n Permanente de Puntos Constitucionales y de Justicia y el pleno aprob\u00f3 incluir esta figura as\u00ed como las bases para lograrlo, como la solicitud avalada por al menos el 10 por ciento de los ciudadanos inscritos en el listado nominal de electores del estado.<\/p>\n\n\n\n<p>En la lectura del dictamen se enfatiz\u00f3 en la necesidad de armonizar el marco jur\u00eddico local con el federal para incluir derechos de los sudcalifornianos, como el de participar en los procesos pol\u00edtico electorales, incluyendo ahora el de revocaci\u00f3n de mandato.<\/p>\n\n\n\n<p>Se precis\u00f3 que la revocaci\u00f3n ser\u00e1 convocada por el Instituto Estatal Electoral a petici\u00f3n de ese 10 por ciento de ciudadanos del listado nominal y solo se podr\u00e1 solicitar en una ocasi\u00f3n y durante los tres meses posteriores a la conclusi\u00f3n del tercer a\u00f1o del per\u00edodo constitucional.<\/p>\n\n\n\n<p>La votaci\u00f3n se garantizar\u00e1 libre, secreta y directa, y ser\u00e1 el domingo siguiente a los noventa d\u00edas posteriores a la convocatoria y en fecha no coincidente con jornadas electorales locales o federales.<\/p>\n\n\n\n<p>El Tribunal Estatal Electoral ser\u00e1 el responsable del c\u00f3mputo final del proceso de revocaci\u00f3n de mandato, una vez resueltas las impugnaciones que hubiera y se emitir\u00e1 la declaratoria si procede.<\/p>\n\n\n\n<p><\/p>\n\n\n\n<p>En la discusi\u00f3n en el pleno, el diputado panista, Armando Mart\u00ednez Vega, consider\u00f3 importante este instrumento de participaci\u00f3n ciudadana y remarc\u00f3 la posibilidad de la revocaci\u00f3n de mandato por p\u00e9rdida de confianza.<\/p>\n\n\n\n<blockquote class=\"wp-block-quote is-layout-flow wp-block-quote-is-layout-flow\"><p>\u201cEs un derecho que no se le debe negar a la ciudadan\u00eda. El instrumento favorecer\u00e1 para que el gobernador en funciones realice su trabajo en beneficio de las y los sudcalifornianos y que no se les olviden los compromisos realizados. No es una ocurrencia del iniciador ni de la comisi\u00f3n dictaminadora\u201d, expuso.<\/p><\/blockquote>\n\n\n\n<p>Fuente:<a href=\"https:\/\/www.eluniversal.com.mx\/estados\/congreso-de-baja-california-sur-aprueba-la-revocacion-de-mandato\/\" data-type=\"URL\" data-id=\"https:\/\/www.eluniversal.com.mx\/estados\/congreso-de-baja-california-sur-aprueba-la-revocacion-de-mandato\/\"> El Universal<\/a> <\/p>\n","protected":false},"excerpt":{"rendered":"<p>El\u00a0Congreso de Baja California Sur\u00a0aprob\u00f3 las modificaciones a la Constituci\u00f3n del estado para incluir la figura de\u00a0Revocaci\u00f3n de Mandato\u00a0para el titular del Poder Ejecutivo estatal. En sesi\u00f3n, se someti\u00f3 a discusi\u00f3n el dictamen presentado por la Comisi\u00f3n Permanente de Puntos Constitucionales y de Justicia y el pleno aprob\u00f3 incluir esta figura as\u00ed como las bases [&hellip;]<\/p>\n","protected":false},"author":35,"featured_media":50789,"comment_status":"open","ping_status":"open","sticky":false,"template":"","format":"standard","meta":{"_monsterinsights_skip_tracking":false,"_monsterinsights_sitenote_active":false,"_monsterinsights_sitenote_note":"","_monsterinsights_sitenote_category":0,"footnotes":""},"categories":[158],"tags":[7887,4780,348,5354],"class_list":["post-126822","post","type-post","status-publish","format-standard","has-post-thumbnail","hentry","category-politica","tag-aprueba","tag-baja-california-sur","tag-congreso","tag-revocacion-de-mandato","wp-image-borders"],"amp_enabled":true,"_links":{"self":[{"href":"https:\/\/nvnoticias.mx\/index.php\/wp-json\/wp\/v2\/posts\/126822","targetHints":{"allow":["GET"]}}],"collection":[{"href":"https:\/\/nvnoticias.mx\/index.php\/wp-json\/wp\/v2\/posts"}],"about":[{"href":"https:\/\/nvnoticias.mx\/index.php\/wp-json\/wp\/v2\/types\/post"}],"author":[{"embeddable":true,"href":"https:\/\/nvnoticias.mx\/index.php\/wp-json\/wp\/v2\/users\/35"}],"replies":[{"embeddable":true,"href":"https:\/\/nvnoticias.mx\/index.php\/wp-json\/wp\/v2\/comments?post=126822"}],"version-history":[{"count":3,"href":"https:\/\/nvnoticias.mx\/index.php\/wp-json\/wp\/v2\/posts\/126822\/revisions"}],"predecessor-version":[{"id":126825,"href":"https:\/\/nvnoticias.mx\/index.php\/wp-json\/wp\/v2\/posts\/126822\/revisions\/126825"}],"wp:featuredmedia":[{"embeddable":true,"href":"https:\/\/nvnoticias.mx\/index.php\/wp-json\/wp\/v2\/media\/50789"}],"wp:attachment":[{"href":"https:\/\/nvnoticias.mx\/index.php\/wp-json\/wp\/v2\/media?parent=126822"}],"wp:term":[{"taxonomy":"category","embeddable":true,"href":"https:\/\/nvnoticias.mx\/index.php\/wp-json\/wp\/v2\/categories?post=126822"},{"taxonomy":"post_tag","embeddable":true,"href":"https:\/\/nvnoticias.mx\/index.php\/wp-json\/wp\/v2\/tags?post=126822"}],"curies":[{"name":"wp","href":"https:\/\/api.w.org\/{rel}","templated":true}]}}