{"id":126726,"date":"2023-10-27T14:46:39","date_gmt":"2023-10-27T19:46:39","guid":{"rendered":"https:\/\/nvnoticias.mx\/?p=126726"},"modified":"2023-10-27T14:54:13","modified_gmt":"2023-10-27T19:54:13","slug":"ideales-politicos","status":"publish","type":"post","link":"https:\/\/nvnoticias.mx\/index.php\/2023\/10\/27\/ideales-politicos\/","title":{"rendered":"Ideales Pol\u00edticos"},"content":{"rendered":"\n<p><strong>Juan Jos\u00e9 Rodr\u00edguez Prats<\/strong><\/p>\n\n\n\n<blockquote class=\"wp-block-quote is-layout-flow wp-block-quote-is-layout-flow\"><p>\u00bfQ<em>u\u00e9 ser\u00e1 de M\u00e9xico? Creo que todos est\u00e1n manchados y es irremediable que sigan mat\u00e1ndose<\/em><\/p><cite>Al<strong>fonso Reyes<\/strong><\/cite><\/blockquote>\n\n\n\n<p>En los tiempos actuales pareciera que la historia y la filosof\u00eda, es decir, la memoria y la meditaci\u00f3n son materias desechables. Triunfaron las ciencias sobre las humanidades. Todo se refleja en n\u00fameros, desde las preferencias electorales o los grados de popularidad, hasta los niveles de felicidad.<\/p>\n\n\n\n<p>En este sentido, un p\u00e1rrafo de Jaime Torres Bodet es ineludible transcribir:<\/p>\n\n\n\n<p>Era Vicente, entonces amigo y tambi\u00e9n rival de otro de los siete sabios de su generaci\u00f3n: Manuel G\u00f3mez Morin (&#8230;) En 1918 Lombardo Toledano alud\u00eda al&nbsp;<em>Serm\u00f3n de la Monta\u00f1a<\/em>&nbsp;y parec\u00eda imbuido de un socialismo evang\u00e9lico. G\u00f3mez Morin citaba a Lunacharski. En 1937 hab\u00edan cambiado mucho las cosas. Lombardo admiraba a Stalin y G\u00f3mez Morin exaltaba el poder de la fe cat\u00f3lica. Tuve siempre para ambos c\u00e1lidas estimaciones. Estaba convencido de la sinceridad de sus actitudes. La l\u00ednea seguida por cada uno pod\u00eda ser discutible, pero era aut\u00e9ntica.<\/p>\n\n\n\n<p>\u00bfQu\u00e9 dir\u00edan estos dos ilustres mexicanos hoy en d\u00eda? Para responder, acudo a otra de nuestras luces, Alfonso Reyes:<\/p>\n\n\n\n<p>Un pueblo se salva cuando logra vislumbrar el mensaje que ha tra\u00eddo al mundo: cuando logra electrizarse hacia un polo, bien sea real o imaginario, porque de lo real y lo imaginario est\u00e1 tramada la vida (&#8230;) Yo me niego a aceptar la historia como una mera superposici\u00f3n de azares mudos. Hay una voz que viene del fondo de nuestros dolores pasados; hay una invisible ave agorera que canta todav\u00eda:&nbsp;<em>tihuic<\/em>,&nbsp;<em>tihuic<\/em>&nbsp;por encima de nuestro caos de rencores (&#8230;) el remedio a nuestras disidencias, la respuesta a nuestras preguntas, la clave de la concordia nacional.<\/p>\n\n\n\n<p>En otras palabras, creo que Lombardo y G\u00f3mez Morin, con todo y sus desavenencias, les dar\u00edan prioridad a sus convergencias. Aventuro tres ideas.<\/p>\n\n\n\n<p>1. La autenticidad acompa\u00f1ada de la benevolencia. Nuestra sociedad est\u00e1 contaminada de mitos, dogmas, demagogia. Sin una lectura objetiva de nuestra realidad, seguiremos divagando. \u00bfC\u00f3mo enrumbar de nuevo a M\u00e9xico? La tarea no es sencilla. Requerimos de los m\u00ednimos consensos. Acuerdos, realineamiento de la voluntad colectiva, vigorizaci\u00f3n de la confraternidad. Hay autores que insisten en que los nuevos paradigmas habr\u00e1n de ser normativos, poner \u00e9nfasis en el deber ser, en recuperar la confianza y la credibilidad. Eso ser\u00eda hacer pol\u00edtica. Lo defin\u00eda Carlos Castillo Peraza: \u201cLa pol\u00edtica no es est\u00e9tica, sino \u00e9tica, es un conflicto permanente entre el esfuerzo de obrar con rectitud y un ambiente hostil\u201d.<\/p>\n\n\n\n<p>2. Mejorar el capital humano a trav\u00e9s de la capacitaci\u00f3n. Este sexenio fracasar\u00e1, entre otros rubros, en la pol\u00edtica educativa. Desde su inicio se not\u00f3 el desd\u00e9n por esta obligaci\u00f3n que, a pesar de sus graves deficiencias, hab\u00eda tenido cierta continuidad. Por circunstancias ajenas al desempe\u00f1o del gobierno, pero tambi\u00e9n por la falta de voluntad en la conformaci\u00f3n de soluciones integrales, orient\u00e1ndose s\u00f3lo por ocurrencias, reparar el da\u00f1o en la formaci\u00f3n profesional de las nuevas generaciones tardar\u00e1 muchos lustros. El mexicano sabe competir, quienes retornan despu\u00e9s de haber emigrado, desarrollan nuevas habilidades, manifest\u00e1ndose en un mejor nivel de vida. Algo o mucho estamos haciendo mal, lo cual impide el despliegue del gran potencial de nuestra gente.<\/p>\n\n\n\n<p>3. La defensa de los derechos humanos es prioritaria. Aqu\u00ed tambi\u00e9n se interrumpi\u00f3 lo hecho por administraciones anteriores en lo que, sin duda, es el gran tema del siglo XXI: la dignidad de las personas es la idea pol\u00edtica m\u00e1s fecunda en la historia del hombre.<\/p>\n\n\n\n<p>En conversaciones con diferentes grupos sobre los temas anotados, es dif\u00edcil no incurrir en lugares comunes. Como nunca, se ha ensanchado la brecha generacional. Hay un extendido repudio a la pol\u00edtica y a los pol\u00edticos, cuando lo que m\u00e1s se requiere es el involucramiento en asuntos que a todos nos ata\u00f1en. Manos a la obra. Que no reclamen las generaciones futuras nuestra desidia para asumir deberes.<\/p>\n","protected":false},"excerpt":{"rendered":"<p>Juan Jos\u00e9 Rodr\u00edguez Prats \u00bfQu\u00e9 ser\u00e1 de M\u00e9xico? Creo que todos est\u00e1n manchados y es irremediable que sigan mat\u00e1ndose Alfonso Reyes En los tiempos actuales pareciera que la historia y la filosof\u00eda, es decir, la memoria y la meditaci\u00f3n son materias desechables. Triunfaron las ciencias sobre las humanidades. Todo se refleja en n\u00fameros, desde las [&hellip;]<\/p>\n","protected":false},"author":17,"featured_media":46920,"comment_status":"open","ping_status":"open","sticky":false,"template":"","format":"standard","meta":{"_monsterinsights_skip_tracking":false,"_monsterinsights_sitenote_active":false,"_monsterinsights_sitenote_note":"","_monsterinsights_sitenote_category":0,"footnotes":""},"categories":[614],"tags":[397],"class_list":["post-126726","post","type-post","status-publish","format-standard","has-post-thumbnail","hentry","category-politica-de-principios","tag-juan-jose-rodriguez-prats-2","wp-image-borders"],"amp_enabled":true,"_links":{"self":[{"href":"https:\/\/nvnoticias.mx\/index.php\/wp-json\/wp\/v2\/posts\/126726","targetHints":{"allow":["GET"]}}],"collection":[{"href":"https:\/\/nvnoticias.mx\/index.php\/wp-json\/wp\/v2\/posts"}],"about":[{"href":"https:\/\/nvnoticias.mx\/index.php\/wp-json\/wp\/v2\/types\/post"}],"author":[{"embeddable":true,"href":"https:\/\/nvnoticias.mx\/index.php\/wp-json\/wp\/v2\/users\/17"}],"replies":[{"embeddable":true,"href":"https:\/\/nvnoticias.mx\/index.php\/wp-json\/wp\/v2\/comments?post=126726"}],"version-history":[{"count":2,"href":"https:\/\/nvnoticias.mx\/index.php\/wp-json\/wp\/v2\/posts\/126726\/revisions"}],"predecessor-version":[{"id":126731,"href":"https:\/\/nvnoticias.mx\/index.php\/wp-json\/wp\/v2\/posts\/126726\/revisions\/126731"}],"wp:featuredmedia":[{"embeddable":true,"href":"https:\/\/nvnoticias.mx\/index.php\/wp-json\/wp\/v2\/media\/46920"}],"wp:attachment":[{"href":"https:\/\/nvnoticias.mx\/index.php\/wp-json\/wp\/v2\/media?parent=126726"}],"wp:term":[{"taxonomy":"category","embeddable":true,"href":"https:\/\/nvnoticias.mx\/index.php\/wp-json\/wp\/v2\/categories?post=126726"},{"taxonomy":"post_tag","embeddable":true,"href":"https:\/\/nvnoticias.mx\/index.php\/wp-json\/wp\/v2\/tags?post=126726"}],"curies":[{"name":"wp","href":"https:\/\/api.w.org\/{rel}","templated":true}]}}