{"id":126687,"date":"2023-10-27T13:09:15","date_gmt":"2023-10-27T18:09:15","guid":{"rendered":"https:\/\/nvnoticias.mx\/?p=126687"},"modified":"2023-10-27T13:09:50","modified_gmt":"2023-10-27T18:09:50","slug":"ordena-al-vaticano-reabrir-caso-de-sacerdote-acusado-de-abusos-sexuales","status":"publish","type":"post","link":"https:\/\/nvnoticias.mx\/index.php\/2023\/10\/27\/ordena-al-vaticano-reabrir-caso-de-sacerdote-acusado-de-abusos-sexuales\/","title":{"rendered":"Ordena el Papa Francisco al Vaticano reabrir caso de sacerdote acusado de abusos sexuales"},"content":{"rendered":"\n<p>El <strong>papa Francisco<\/strong> orden\u00f3 al Vaticano la reapertura del caso de un famoso <strong>sacerdote-artista acusado de abusos sexuales<\/strong>, espirituales y psicol\u00f3gicos a mujeres adultas, y elimin\u00f3 la prescripci\u00f3n de sus denuncias, inform\u00f3 la Santa Sede el viernes.<\/p>\n\n\n\n<p>El caso del sacerdote <strong>Marko Ivan Rupnik <\/strong>volvi\u00f3 a ser noticia el jueves cuando una di\u00f3cesis de su Eslovenia natal confirm\u00f3 que lo hab\u00eda aceptado en su seno luego de su expulsi\u00f3n de la orden jesuita a mediados de a\u00f1o.<\/p>\n\n\n\n<p>La comisi\u00f3n de prevenci\u00f3n de los abusos del papa hab\u00eda detectado \u201cgraves problemas\u201d en la forma en la que se gestion\u00f3 el caso inicialmente, explic\u00f3 el comunicado del Vaticano.<\/p>\n\n\n\n<p>El esc\u00e1ndalo ha sido un dolor de cabeza para los jesuitas, el Vaticano y el <strong>papa Francisco<\/strong> mismo debido a <strong>sospechas de que Rupnik recibi\u00f3 un trato favorable de la Santa Sede<\/strong>, donde hay un papa jesuita y miembros de la misma orden encabezan la oficina de <strong>cr\u00edmenes sexuales <\/strong>que investig\u00f3 a Rupnik y desisti\u00f3 de juzgarlo por considerar que las denuncias en su contra eran demasiado antiguas.<\/p>\n\n\n\n<p>El Vaticano dijo en un comunicado que la comisi\u00f3n de prevenci\u00f3n de abusos creada por Francisco descubri\u00f3 \u201cproblemas graves\u201d en el manejo inicial del caso, en particular por la \u201cfalta de comunicaci\u00f3n con las v\u00edctimas\u201d. Los t\u00e9rminos son significativos porque anteriormente las autoridades eclesi\u00e1sticas se negaban a considerar a las mujeres que denunciaron a Rupnik como \u201cv\u00edctimas\u201d.<\/p>\n\n\n\n<p>Fuente: <a href=\"https:\/\/www.eluniversal.com.mx\/mundo\/papa-ordena-al-vaticano-reabrir-caso-de-sacerdote-acusado-de-abusos-sexuales\/\" data-type=\"URL\" data-id=\"https:\/\/www.eluniversal.com.mx\/mundo\/papa-ordena-al-vaticano-reabrir-caso-de-sacerdote-acusado-de-abusos-sexuales\/\">El Universal<\/a><\/p>\n","protected":false},"excerpt":{"rendered":"<p>El papa Francisco orden\u00f3 al Vaticano la reapertura del caso de un famoso sacerdote-artista acusado de abusos sexuales, espirituales y psicol\u00f3gicos a mujeres adultas, y elimin\u00f3 la prescripci\u00f3n de sus denuncias, inform\u00f3 la Santa Sede el viernes. El caso del sacerdote Marko Ivan Rupnik volvi\u00f3 a ser noticia el jueves cuando una di\u00f3cesis de su [&hellip;]<\/p>\n","protected":false},"author":35,"featured_media":101533,"comment_status":"open","ping_status":"open","sticky":false,"template":"","format":"standard","meta":{"_monsterinsights_skip_tracking":false,"_monsterinsights_sitenote_active":false,"_monsterinsights_sitenote_note":"","_monsterinsights_sitenote_category":0,"footnotes":""},"categories":[181],"tags":[6361,9099,17184,3422,4799],"class_list":["post-126687","post","type-post","status-publish","format-standard","has-post-thumbnail","hentry","category-internacional","tag-abusos-sexuales","tag-ordena","tag-reabrir","tag-sacerdote","tag-vaticano","wp-image-borders"],"amp_enabled":true,"_links":{"self":[{"href":"https:\/\/nvnoticias.mx\/index.php\/wp-json\/wp\/v2\/posts\/126687","targetHints":{"allow":["GET"]}}],"collection":[{"href":"https:\/\/nvnoticias.mx\/index.php\/wp-json\/wp\/v2\/posts"}],"about":[{"href":"https:\/\/nvnoticias.mx\/index.php\/wp-json\/wp\/v2\/types\/post"}],"author":[{"embeddable":true,"href":"https:\/\/nvnoticias.mx\/index.php\/wp-json\/wp\/v2\/users\/35"}],"replies":[{"embeddable":true,"href":"https:\/\/nvnoticias.mx\/index.php\/wp-json\/wp\/v2\/comments?post=126687"}],"version-history":[{"count":3,"href":"https:\/\/nvnoticias.mx\/index.php\/wp-json\/wp\/v2\/posts\/126687\/revisions"}],"predecessor-version":[{"id":126696,"href":"https:\/\/nvnoticias.mx\/index.php\/wp-json\/wp\/v2\/posts\/126687\/revisions\/126696"}],"wp:featuredmedia":[{"embeddable":true,"href":"https:\/\/nvnoticias.mx\/index.php\/wp-json\/wp\/v2\/media\/101533"}],"wp:attachment":[{"href":"https:\/\/nvnoticias.mx\/index.php\/wp-json\/wp\/v2\/media?parent=126687"}],"wp:term":[{"taxonomy":"category","embeddable":true,"href":"https:\/\/nvnoticias.mx\/index.php\/wp-json\/wp\/v2\/categories?post=126687"},{"taxonomy":"post_tag","embeddable":true,"href":"https:\/\/nvnoticias.mx\/index.php\/wp-json\/wp\/v2\/tags?post=126687"}],"curies":[{"name":"wp","href":"https:\/\/api.w.org\/{rel}","templated":true}]}}