{"id":126640,"date":"2023-10-26T21:27:41","date_gmt":"2023-10-27T02:27:41","guid":{"rendered":"https:\/\/nvnoticias.mx\/?p=126640"},"modified":"2023-10-26T21:27:41","modified_gmt":"2023-10-27T02:27:41","slug":"dif-boca-del-rio-abre-centro-de-acopio-para-afectados-por-huracan-otis","status":"publish","type":"post","link":"https:\/\/nvnoticias.mx\/index.php\/2023\/10\/26\/dif-boca-del-rio-abre-centro-de-acopio-para-afectados-por-huracan-otis\/","title":{"rendered":"DIF Boca del R\u00edo abre centro de acopio para afectados por hurac\u00e1n &#8216;Otis&#8217;"},"content":{"rendered":"\n<p>A trav\u00e9s de un comunicado, el DIF Municipal de Boca del R\u00edo, inform\u00f3 que en ese lugar se abri\u00f3 un centro de acopio&nbsp;de la Cruz Roja este jueves 26 y viernes 27 de octubre para los afectados del hurac\u00e1n &#8216;Otis&#8217; en Acapulco, Guerrero.<\/p>\n\n\n\n<p>En el mismo comunicado, detallaron que\u00a0el\u00a0centro de acopio estar\u00e1 abierto de 9 de la ma\u00f1ana a 3 de la tarde en el interior del DIF municipal ubicado en la avenida Ferrocarril num. 1000 entre Av. Veracruz y bulevar Vicente Fox en la colonia centro.\u00a0<\/p>\n\n\n\n<p>A continuaci\u00f3n el comunicado:<\/p>\n\n\n\n<p>El alcalde Juan Manuel de Un\u00e1nue Abascal y la presidenta del DIF municipal de Boca del R\u00edo, Melina Rivera de Un\u00e1nue, se suman a las acciones de apoyo para nuestros hermanos de Acapulco y zonas afectadas en Guerrero por el paso del hurac\u00e1n \u201cOtis\u201d.&nbsp;<\/p>\n\n\n\n<p>En solidaridad con los afectados, el DIF municipal ser\u00e1 centro de acopio de la Cruz Roja este jueves 26 y viernes 27 de octubre, por lo que invitan a la poblaci\u00f3n a apoyar esta noble causa llevando a las instalaciones alguno de los siguientes productos como: pa\u00f1ales, toallas sanitarias, papel higi\u00e9nico, pasta de dientes, alimentos no perecederos (enlatados), cobertores, pasta para sopa, agua embotellada, jab\u00f3n de tocador, detergente y croquetas para mascotas.&nbsp;<\/p>\n\n\n\n<p>El centro de acopio estar\u00e1 abierto de 9 de la ma\u00f1ana a 3 de la tarde en el interior del DIF municipal ubicado en la avenida Ferrocarril num. 1000 entre Av. Veracruz y bulevar Vicente Fox en la colonia centro.&nbsp;<\/p>\n\n\n\n<p>Todos los art\u00edculos recibidos ser\u00e1n enviados por la Cruz Roja al estado de Guerrero para apoyar a quienes lamentablemente han resultado afectados por el paso de este meteoro.<\/p>\n","protected":false},"excerpt":{"rendered":"<p>A trav\u00e9s de un comunicado, el DIF Municipal de Boca del R\u00edo, inform\u00f3 que en ese lugar se abri\u00f3 un centro de acopio&nbsp;de la Cruz Roja este jueves 26 y viernes 27 de octubre para los afectados del hurac\u00e1n &#8216;Otis&#8217; en Acapulco, Guerrero. En el mismo comunicado, detallaron que\u00a0el\u00a0centro de acopio estar\u00e1 abierto de 9 [&hellip;]<\/p>\n","protected":false},"author":8,"featured_media":126641,"comment_status":"open","ping_status":"open","sticky":false,"template":"","format":"standard","meta":{"_monsterinsights_skip_tracking":false,"_monsterinsights_sitenote_active":false,"_monsterinsights_sitenote_note":"","_monsterinsights_sitenote_category":0,"footnotes":""},"categories":[154],"tags":[8628,18907,27952],"class_list":["post-126640","post","type-post","status-publish","format-standard","has-post-thumbnail","hentry","category-veracruz","tag-acopio","tag-dif-boca-del-rio","tag-huracan-otis","wp-image-borders"],"amp_enabled":true,"_links":{"self":[{"href":"https:\/\/nvnoticias.mx\/index.php\/wp-json\/wp\/v2\/posts\/126640","targetHints":{"allow":["GET"]}}],"collection":[{"href":"https:\/\/nvnoticias.mx\/index.php\/wp-json\/wp\/v2\/posts"}],"about":[{"href":"https:\/\/nvnoticias.mx\/index.php\/wp-json\/wp\/v2\/types\/post"}],"author":[{"embeddable":true,"href":"https:\/\/nvnoticias.mx\/index.php\/wp-json\/wp\/v2\/users\/8"}],"replies":[{"embeddable":true,"href":"https:\/\/nvnoticias.mx\/index.php\/wp-json\/wp\/v2\/comments?post=126640"}],"version-history":[{"count":1,"href":"https:\/\/nvnoticias.mx\/index.php\/wp-json\/wp\/v2\/posts\/126640\/revisions"}],"predecessor-version":[{"id":126642,"href":"https:\/\/nvnoticias.mx\/index.php\/wp-json\/wp\/v2\/posts\/126640\/revisions\/126642"}],"wp:featuredmedia":[{"embeddable":true,"href":"https:\/\/nvnoticias.mx\/index.php\/wp-json\/wp\/v2\/media\/126641"}],"wp:attachment":[{"href":"https:\/\/nvnoticias.mx\/index.php\/wp-json\/wp\/v2\/media?parent=126640"}],"wp:term":[{"taxonomy":"category","embeddable":true,"href":"https:\/\/nvnoticias.mx\/index.php\/wp-json\/wp\/v2\/categories?post=126640"},{"taxonomy":"post_tag","embeddable":true,"href":"https:\/\/nvnoticias.mx\/index.php\/wp-json\/wp\/v2\/tags?post=126640"}],"curies":[{"name":"wp","href":"https:\/\/api.w.org\/{rel}","templated":true}]}}