{"id":126610,"date":"2023-10-26T17:13:44","date_gmt":"2023-10-26T22:13:44","guid":{"rendered":"https:\/\/nvnoticias.mx\/?p=126610"},"modified":"2023-10-26T17:13:45","modified_gmt":"2023-10-26T22:13:45","slug":"exigen-que-haev-corrija-procedimiento-mal-realizado-a-adulto-mayor","status":"publish","type":"post","link":"https:\/\/nvnoticias.mx\/index.php\/2023\/10\/26\/exigen-que-haev-corrija-procedimiento-mal-realizado-a-adulto-mayor\/","title":{"rendered":"Exigen que HAEV corrija procedimiento mal realizado a adulto mayor"},"content":{"rendered":"\n<p><strong>Jes\u00fas Utrilla \/ NV Noticias<\/strong><\/p>\n\n\n\n<p>La se\u00f1ora Mayra Luz Castro pidi\u00f3 apoyo para trasladar a su abuelo de 88 a\u00f1os, de Ciudad Alem\u00e1n, al Hospital de Alta Especialidad de Veracruz, donde le practicaron una mala cirug\u00eda en la oreja y necesita que le corrijan el procedimiento.<\/p>\n\n\n\n<p>Explic\u00f3 que el adulto mayor fue atendido por c\u00e1ncer, aunque nunca les entregaron los resultados m\u00e9dicos que dijeran que padece esa enfermedad.<\/p>\n\n\n\n<p>Desde el inicio acusaron que hubo negligencia porque no los quisieron atender en urgencias y posteriormente lo realizaron varios cortes hasta que termin\u00f3 perdiendo la oreja.<\/p>\n\n\n\n<blockquote class=\"wp-block-quote is-layout-flow wp-block-quote-is-layout-flow\"><p>\u201c<em>Solo nos traen con un doctor y otro y no nos dan soluci\u00f3n. \u00c9l otra vez empeor\u00f3 en su salud y no podemos trasladarlo de Ciudad Alem\u00e1n para ac\u00e1 en carro, necesitamos una ambulancia y que le hagan otra vez los estudios. No nos dijeron que c\u00e1ncer ten\u00eda, nunca le dieron radioterapia<\/em>\u201d.<\/p><\/blockquote>\n\n\n\n<div class=\"wp-block-image\"><figure class=\"aligncenter size-large\"><img loading=\"lazy\" decoding=\"async\" width=\"1024\" height=\"768\" src=\"https:\/\/nvnoticias.mx\/wp-content\/uploads\/2023\/10\/Neglicencia-en-el-HAEV-1-1024x768.jpeg\" alt=\"\" class=\"wp-image-126619\" srcset=\"https:\/\/nvnoticias.mx\/wp-content\/uploads\/2023\/10\/Neglicencia-en-el-HAEV-1-1024x768.jpeg 1024w, https:\/\/nvnoticias.mx\/wp-content\/uploads\/2023\/10\/Neglicencia-en-el-HAEV-1-300x225.jpeg 300w, https:\/\/nvnoticias.mx\/wp-content\/uploads\/2023\/10\/Neglicencia-en-el-HAEV-1-768x576.jpeg 768w, https:\/\/nvnoticias.mx\/wp-content\/uploads\/2023\/10\/Neglicencia-en-el-HAEV-1-1536x1152.jpeg 1536w, https:\/\/nvnoticias.mx\/wp-content\/uploads\/2023\/10\/Neglicencia-en-el-HAEV-1-2048x1536.jpeg 2048w\" sizes=\"auto, (max-width: 1024px) 100vw, 1024px\" \/><figcaption>FOTO: Miguel Cabrera<\/figcaption><\/figure><\/div>\n\n\n\n<p>En Tres Valles y otros lugares no lo quieren atender por la forma en que lo atendieron. Incluso le injertaron el pecho en la oreja y qued\u00f3 despegado.<\/p>\n\n\n\n<blockquote class=\"wp-block-quote is-layout-flow wp-block-quote-is-layout-flow\"><p>\u201c<em>Lo traje a urgencias y me regresaron de que porque no era urgencia. Le lavaron y me dijeron que luego lo llevara a consulta. Por eso ped\u00ed el apoyo para que tuviera cirug\u00eda porque le hicieron una, pero con negligencias. Le hicieron varios cortes y le pusieron el pecho en la oreja<\/em>\u201d.<\/p><\/blockquote>\n\n\n\n<p>Exigieron que los ayuden con el traslado porque necesitan ambulancia, pero sobre todo que atiendan al adulto mayor debidamente.<\/p>\n\n\n\n<div class=\"wp-block-image\"><figure class=\"aligncenter size-large\"><img loading=\"lazy\" decoding=\"async\" width=\"1024\" height=\"768\" src=\"https:\/\/nvnoticias.mx\/wp-content\/uploads\/2023\/10\/Negligencia-en-el-HAEV-2-1024x768.jpeg\" alt=\"\" class=\"wp-image-126620\" srcset=\"https:\/\/nvnoticias.mx\/wp-content\/uploads\/2023\/10\/Negligencia-en-el-HAEV-2-1024x768.jpeg 1024w, https:\/\/nvnoticias.mx\/wp-content\/uploads\/2023\/10\/Negligencia-en-el-HAEV-2-300x225.jpeg 300w, https:\/\/nvnoticias.mx\/wp-content\/uploads\/2023\/10\/Negligencia-en-el-HAEV-2-768x576.jpeg 768w, https:\/\/nvnoticias.mx\/wp-content\/uploads\/2023\/10\/Negligencia-en-el-HAEV-2-1536x1152.jpeg 1536w, https:\/\/nvnoticias.mx\/wp-content\/uploads\/2023\/10\/Negligencia-en-el-HAEV-2-2048x1536.jpeg 2048w\" sizes=\"auto, (max-width: 1024px) 100vw, 1024px\" \/><figcaption>FOTO: Miguel Cabrera<\/figcaption><\/figure><\/div>\n","protected":false},"excerpt":{"rendered":"<p>Jes\u00fas Utrilla \/ NV Noticias La se\u00f1ora Mayra Luz Castro pidi\u00f3 apoyo para trasladar a su abuelo de 88 a\u00f1os, de Ciudad Alem\u00e1n, al Hospital de Alta Especialidad de Veracruz, donde le practicaron una mala cirug\u00eda en la oreja y necesita que le corrijan el procedimiento. Explic\u00f3 que el adulto mayor fue atendido por c\u00e1ncer, [&hellip;]<\/p>\n","protected":false},"author":8,"featured_media":126618,"comment_status":"open","ping_status":"open","sticky":false,"template":"","format":"standard","meta":{"_monsterinsights_skip_tracking":false,"_monsterinsights_sitenote_active":false,"_monsterinsights_sitenote_note":"","_monsterinsights_sitenote_category":0,"footnotes":""},"categories":[154],"tags":[15893,27977],"class_list":["post-126610","post","type-post","status-publish","format-standard","has-post-thumbnail","hentry","category-veracruz","tag-haev","tag-negligencia-medica","wp-image-borders"],"amp_enabled":true,"_links":{"self":[{"href":"https:\/\/nvnoticias.mx\/index.php\/wp-json\/wp\/v2\/posts\/126610","targetHints":{"allow":["GET"]}}],"collection":[{"href":"https:\/\/nvnoticias.mx\/index.php\/wp-json\/wp\/v2\/posts"}],"about":[{"href":"https:\/\/nvnoticias.mx\/index.php\/wp-json\/wp\/v2\/types\/post"}],"author":[{"embeddable":true,"href":"https:\/\/nvnoticias.mx\/index.php\/wp-json\/wp\/v2\/users\/8"}],"replies":[{"embeddable":true,"href":"https:\/\/nvnoticias.mx\/index.php\/wp-json\/wp\/v2\/comments?post=126610"}],"version-history":[{"count":1,"href":"https:\/\/nvnoticias.mx\/index.php\/wp-json\/wp\/v2\/posts\/126610\/revisions"}],"predecessor-version":[{"id":126621,"href":"https:\/\/nvnoticias.mx\/index.php\/wp-json\/wp\/v2\/posts\/126610\/revisions\/126621"}],"wp:featuredmedia":[{"embeddable":true,"href":"https:\/\/nvnoticias.mx\/index.php\/wp-json\/wp\/v2\/media\/126618"}],"wp:attachment":[{"href":"https:\/\/nvnoticias.mx\/index.php\/wp-json\/wp\/v2\/media?parent=126610"}],"wp:term":[{"taxonomy":"category","embeddable":true,"href":"https:\/\/nvnoticias.mx\/index.php\/wp-json\/wp\/v2\/categories?post=126610"},{"taxonomy":"post_tag","embeddable":true,"href":"https:\/\/nvnoticias.mx\/index.php\/wp-json\/wp\/v2\/tags?post=126610"}],"curies":[{"name":"wp","href":"https:\/\/api.w.org\/{rel}","templated":true}]}}