{"id":126551,"date":"2023-10-26T14:10:41","date_gmt":"2023-10-26T19:10:41","guid":{"rendered":"https:\/\/nvnoticias.mx\/?p=126551"},"modified":"2023-10-26T14:10:41","modified_gmt":"2023-10-26T19:10:41","slug":"jornada-laboral-de-12-horas-tres-dias-a-la-semana-es-necesaria-carlos-slim","status":"publish","type":"post","link":"https:\/\/nvnoticias.mx\/index.php\/2023\/10\/26\/jornada-laboral-de-12-horas-tres-dias-a-la-semana-es-necesaria-carlos-slim\/","title":{"rendered":"Jornada laboral de 12 horas, tres d\u00edas a la semana, es necesaria: Carlos Slim"},"content":{"rendered":"\n<p>Como ya lo hizo en M\u00e9xico, el empresario mexicano\u00a0Carlos Slim\u00a0abog\u00f3 hoy en\u00a0<strong>Espa\u00f1a\u00a0<\/strong>por establecer una\u00a0<strong>reforma del sistema laboral que pase por implantar jornadas de 12 horas diarias<\/strong>, tres d\u00edas a la semana y fijar la edad de jubilaci\u00f3n en los 75 a\u00f1os.<\/p>\n\n\n\n<p>As\u00ed lo manifest\u00f3 en declaraciones a los medios locales de la ciudad asturiana de Avil\u00e9s (norte de Espa\u00f1a), donde particip\u00f3 en la XXVIII Reuni\u00f3n del Plenario de la Fundaci\u00f3n C\u00edrculo de Montevideo, del que forma parte, y afirm\u00f3 que lo anterior\u00a0<strong>es una necesidad para dar cabida en el mercado laboral a un mayor n\u00famero de trabajadores<\/strong>.<\/p>\n\n\n\n<p>La pregunta surgi\u00f3 en pleno debate en Espa\u00f1a por la propuesta del Partido Socialista Obrero Espa\u00f1ol (PSOE) y Sumar de&nbsp;<strong>reducir la jornada laboral. Sin embargo, Slim calific\u00f3 la medida de \u201cuna tonter\u00eda\u201d<\/strong>.<\/p>\n\n\n\n<blockquote class=\"wp-block-quote is-layout-flow wp-block-quote-is-layout-flow\"><p>\u201cYo creo que reducir el horario as\u00ed es una tonter\u00eda. Se debe trabajar tres d\u00edas, doce horas diarias.<strong>&nbsp;Tres d\u00edas para dar cabida a otras tres personas que trabajen los otros tres d\u00edas<\/strong>&nbsp;y jubilarse a los 75 a\u00f1os, no a los 65 ni a los 60\u201d, expres\u00f3.<\/p><\/blockquote>\n\n\n\n<p>Carlos Slim record\u00f3 que \u201cvivimos m\u00e1s a\u00f1os\u201d y en todos los pa\u00edses del mundo que tienen pol\u00edticas sociales y de pensiones y de jubilaci\u00f3n,<strong>&nbsp;el pasivo laboral provocado por la jubilaci\u00f3n es muy alto, muy por encima de los recursos del Estado. \u201cEs muy importante que la jubilaci\u00f3n no sea tan temprana\u201d<\/strong>, reiter\u00f3.\u00bb, ha insistido.<\/p>\n\n\n\n<p>Adem\u00e1s, destac\u00f3 la necesidad de integrar a toda la poblaci\u00f3n en el sistema econ\u00f3mico y laboral e incidi\u00f3 en que\u00a0<strong>la mejor inversi\u00f3n es combatir la pobreza,<\/strong>\u00a0por lo que ve razonable que trabajen menos horas para dar cabida a otros trabajadores.<\/p>\n\n\n\n<p>Fuente: <a href=\"https:\/\/www.milenio.com\/negocios\/carlos-slim-insiste-que-jornada-laboral-de-12-horas-es-necesaria\" data-type=\"URL\" data-id=\"https:\/\/www.milenio.com\/negocios\/carlos-slim-insiste-que-jornada-laboral-de-12-horas-es-necesaria\">Milenio<\/a> <\/p>\n","protected":false},"excerpt":{"rendered":"<p>Como ya lo hizo en M\u00e9xico, el empresario mexicano\u00a0Carlos Slim\u00a0abog\u00f3 hoy en\u00a0Espa\u00f1a\u00a0por establecer una\u00a0reforma del sistema laboral que pase por implantar jornadas de 12 horas diarias, tres d\u00edas a la semana y fijar la edad de jubilaci\u00f3n en los 75 a\u00f1os. As\u00ed lo manifest\u00f3 en declaraciones a los medios locales de la ciudad asturiana de [&hellip;]<\/p>\n","protected":false},"author":35,"featured_media":63463,"comment_status":"open","ping_status":"open","sticky":false,"template":"","format":"standard","meta":{"_monsterinsights_skip_tracking":false,"_monsterinsights_sitenote_active":false,"_monsterinsights_sitenote_note":"","_monsterinsights_sitenote_category":0,"footnotes":""},"categories":[158],"tags":[2832,24964],"class_list":["post-126551","post","type-post","status-publish","format-standard","has-post-thumbnail","hentry","category-politica","tag-carlos-slim","tag-jornada-laboral","wp-image-borders"],"amp_enabled":true,"_links":{"self":[{"href":"https:\/\/nvnoticias.mx\/index.php\/wp-json\/wp\/v2\/posts\/126551","targetHints":{"allow":["GET"]}}],"collection":[{"href":"https:\/\/nvnoticias.mx\/index.php\/wp-json\/wp\/v2\/posts"}],"about":[{"href":"https:\/\/nvnoticias.mx\/index.php\/wp-json\/wp\/v2\/types\/post"}],"author":[{"embeddable":true,"href":"https:\/\/nvnoticias.mx\/index.php\/wp-json\/wp\/v2\/users\/35"}],"replies":[{"embeddable":true,"href":"https:\/\/nvnoticias.mx\/index.php\/wp-json\/wp\/v2\/comments?post=126551"}],"version-history":[{"count":3,"href":"https:\/\/nvnoticias.mx\/index.php\/wp-json\/wp\/v2\/posts\/126551\/revisions"}],"predecessor-version":[{"id":126554,"href":"https:\/\/nvnoticias.mx\/index.php\/wp-json\/wp\/v2\/posts\/126551\/revisions\/126554"}],"wp:featuredmedia":[{"embeddable":true,"href":"https:\/\/nvnoticias.mx\/index.php\/wp-json\/wp\/v2\/media\/63463"}],"wp:attachment":[{"href":"https:\/\/nvnoticias.mx\/index.php\/wp-json\/wp\/v2\/media?parent=126551"}],"wp:term":[{"taxonomy":"category","embeddable":true,"href":"https:\/\/nvnoticias.mx\/index.php\/wp-json\/wp\/v2\/categories?post=126551"},{"taxonomy":"post_tag","embeddable":true,"href":"https:\/\/nvnoticias.mx\/index.php\/wp-json\/wp\/v2\/tags?post=126551"}],"curies":[{"name":"wp","href":"https:\/\/api.w.org\/{rel}","templated":true}]}}