{"id":126470,"date":"2023-10-25T16:55:59","date_gmt":"2023-10-25T21:55:59","guid":{"rendered":"https:\/\/nvnoticias.mx\/?p=126470"},"modified":"2023-10-25T16:56:01","modified_gmt":"2023-10-25T21:56:01","slug":"nombran-a-mike-johnson-nuevo-lider-de-la-camara-de-representantes-en-eu","status":"publish","type":"post","link":"https:\/\/nvnoticias.mx\/index.php\/2023\/10\/25\/nombran-a-mike-johnson-nuevo-lider-de-la-camara-de-representantes-en-eu\/","title":{"rendered":"Nombran a Mike Johnson nuevo l\u00edder de la C\u00e1mara de Representantes en EU"},"content":{"rendered":"\n<p>El congresista Mike Johnson, aliado del ex presidente Donald Trump (2017-2021), fue elegido l\u00edder de la C\u00e1mara Baja al lograr superar la divisi\u00f3n del Partido Republicano, que provoc\u00f3 el caos parlamentario en las \u00faltimas semanas.<\/p>\n\n\n\n<p>Johnson le tom\u00f3 el relevo a Steve Scalise, Jim Jordan y Tom Emmer como nominado por su formaci\u00f3n para suceder al tambi\u00e9n conservador Kevin McCarthy, destituido el 3 de octubre, y se alz\u00f3 con el puesto de &#8220;speaker&#8221;, tal y como se conoce en ingl\u00e9s, en su primer intento en el pleno.<\/p>\n\n\n\n<blockquote class=\"wp-block-quote is-layout-flow wp-block-quote-is-layout-flow\"><p><br>&#8220;Han sido semanas arduas y un recordatorio de que la C\u00e1mara es tan complicada y diversa como la gente a la que representamos. (\u2026) Como &#8216;speaker&#8217;, me asegurar\u00e1 de que entrega resultados e inspira cambio para los estadunidenses&#8221;, dijo en su primera reacci\u00f3n tras ser elegido.<\/p><\/blockquote>\n\n\n\n<p>Los republicanos tienen una ajustada mayor\u00eda en la C\u00e1mara de 221 esca\u00f1os frente a los 212 de los dem\u00f3cratas, lo que les obliga a contar con el apoyo de pr\u00e1cticamente todos sus miembros en el hemiciclo.<\/p>\n\n\n\n<p>Fuente: <a href=\"https:\/\/www.milenio.com\/internacional\/estados-unidos-mike-johnson-lider-camara-baja\" data-type=\"URL\" data-id=\"https:\/\/www.milenio.com\/internacional\/estados-unidos-mike-johnson-lider-camara-baja\">Milenio<\/a> <\/p>\n","protected":false},"excerpt":{"rendered":"<p>El congresista Mike Johnson, aliado del ex presidente Donald Trump (2017-2021), fue elegido l\u00edder de la C\u00e1mara Baja al lograr superar la divisi\u00f3n del Partido Republicano, que provoc\u00f3 el caos parlamentario en las \u00faltimas semanas. Johnson le tom\u00f3 el relevo a Steve Scalise, Jim Jordan y Tom Emmer como nominado por su formaci\u00f3n para suceder [&hellip;]<\/p>\n","protected":false},"author":35,"featured_media":108872,"comment_status":"open","ping_status":"open","sticky":false,"template":"","format":"standard","meta":{"_monsterinsights_skip_tracking":false,"_monsterinsights_sitenote_active":false,"_monsterinsights_sitenote_note":"","_monsterinsights_sitenote_category":0,"footnotes":""},"categories":[181],"tags":[7261,9494,27983,8993],"class_list":["post-126470","post","type-post","status-publish","format-standard","has-post-thumbnail","hentry","category-internacional","tag-camara-de-representantes","tag-lider","tag-mike-johnson","tag-nombran","wp-image-borders"],"amp_enabled":true,"_links":{"self":[{"href":"https:\/\/nvnoticias.mx\/index.php\/wp-json\/wp\/v2\/posts\/126470","targetHints":{"allow":["GET"]}}],"collection":[{"href":"https:\/\/nvnoticias.mx\/index.php\/wp-json\/wp\/v2\/posts"}],"about":[{"href":"https:\/\/nvnoticias.mx\/index.php\/wp-json\/wp\/v2\/types\/post"}],"author":[{"embeddable":true,"href":"https:\/\/nvnoticias.mx\/index.php\/wp-json\/wp\/v2\/users\/35"}],"replies":[{"embeddable":true,"href":"https:\/\/nvnoticias.mx\/index.php\/wp-json\/wp\/v2\/comments?post=126470"}],"version-history":[{"count":3,"href":"https:\/\/nvnoticias.mx\/index.php\/wp-json\/wp\/v2\/posts\/126470\/revisions"}],"predecessor-version":[{"id":126473,"href":"https:\/\/nvnoticias.mx\/index.php\/wp-json\/wp\/v2\/posts\/126470\/revisions\/126473"}],"wp:featuredmedia":[{"embeddable":true,"href":"https:\/\/nvnoticias.mx\/index.php\/wp-json\/wp\/v2\/media\/108872"}],"wp:attachment":[{"href":"https:\/\/nvnoticias.mx\/index.php\/wp-json\/wp\/v2\/media?parent=126470"}],"wp:term":[{"taxonomy":"category","embeddable":true,"href":"https:\/\/nvnoticias.mx\/index.php\/wp-json\/wp\/v2\/categories?post=126470"},{"taxonomy":"post_tag","embeddable":true,"href":"https:\/\/nvnoticias.mx\/index.php\/wp-json\/wp\/v2\/tags?post=126470"}],"curies":[{"name":"wp","href":"https:\/\/api.w.org\/{rel}","templated":true}]}}