{"id":126469,"date":"2023-10-25T17:07:46","date_gmt":"2023-10-25T22:07:46","guid":{"rendered":"https:\/\/nvnoticias.mx\/?p=126469"},"modified":"2023-10-25T18:19:06","modified_gmt":"2023-10-25T23:19:06","slug":"promoveran-jueces-y-magistrado-amparo-contra-extincion-de-fideicomisos","status":"publish","type":"post","link":"https:\/\/nvnoticias.mx\/index.php\/2023\/10\/25\/promoveran-jueces-y-magistrado-amparo-contra-extincion-de-fideicomisos\/","title":{"rendered":"Promover\u00e1n jueces y magistrado amparo contra extinci\u00f3n de fideicomisos"},"content":{"rendered":"\n<p>La Asociaci\u00f3n Nacional de Magistrados de Circuito y Jueces de Distrito del Poder Judicial de la Federaci\u00f3n (JUFED) inform\u00f3 que promover\u00e1 un amparo en demanda \u00fanica contra de las reformas a la Ley Org\u00e1nica del Poder Judicial de la Federaci\u00f3n que extingue 13 de 14 fideicomisos.<\/p>\n\n\n\n<p>El colectivo indic\u00f3 en un comunicado que la demanda ser\u00e1 presentada una vez que la reforma sea publicada en el Diario Oficial de la Federaci\u00f3n luego de su aprobaci\u00f3n en la C\u00e1mara de Diputados y en el Senado de la Rep\u00fablica.<\/p>\n\n\n\n<p>La JUFED detall\u00f3 que la decisi\u00f3n que tomar\u00e1n es en cumplimiento a los acuerdos tomados en la sesi\u00f3n de la directiva nacional y directivas regionales.<\/p>\n\n\n\n<p>Hoy el Sindicato de Trabajadores del Poder Judicial de la Federaci\u00f3n dio a conocer que ampliar\u00e1 el paro nacional de labores hasta el pr\u00f3ximo 29 de octubre.<\/p>\n\n\n\n<p>El pleno del Senado aprob\u00f3 en lo general, fast track, reformas al art\u00edculo 224 de la Ley Org\u00e1nica del Poder Judicial de la Federaci\u00f3n con lo que se concret\u00f3 la extinci\u00f3n de 13 de 14 fideicomisos del Poder Judicial de la Federaci\u00f3n.<\/p>\n\n\n\n<p>Fuente: <a href=\"https:\/\/www.milenio.com\/policia\/por-extincion-de-fideicomisos-jueces-magistrados-promoveran-amparo\" data-type=\"URL\" data-id=\"https:\/\/www.milenio.com\/policia\/por-extincion-de-fideicomisos-jueces-magistrados-promoveran-amparo\">Milenio<\/a><\/p>\n","protected":false},"excerpt":{"rendered":"<p>La Asociaci\u00f3n Nacional de Magistrados de Circuito y Jueces de Distrito del Poder Judicial de la Federaci\u00f3n (JUFED) inform\u00f3 que promover\u00e1 un amparo en demanda \u00fanica contra de las reformas a la Ley Org\u00e1nica del Poder Judicial de la Federaci\u00f3n que extingue 13 de 14 fideicomisos. El colectivo indic\u00f3 en un comunicado que la demanda [&hellip;]<\/p>\n","protected":false},"author":35,"featured_media":3006,"comment_status":"open","ping_status":"open","sticky":false,"template":"","format":"standard","meta":{"_monsterinsights_skip_tracking":false,"_monsterinsights_sitenote_active":false,"_monsterinsights_sitenote_note":"","_monsterinsights_sitenote_category":0,"footnotes":""},"categories":[158],"tags":[1547,4404,4892,5401,162],"class_list":["post-126469","post","type-post","status-publish","format-standard","has-post-thumbnail","hentry","category-politica","tag-amparo","tag-extincion","tag-fideicomisos","tag-jueces","tag-portada","wp-image-borders"],"amp_enabled":true,"_links":{"self":[{"href":"https:\/\/nvnoticias.mx\/index.php\/wp-json\/wp\/v2\/posts\/126469","targetHints":{"allow":["GET"]}}],"collection":[{"href":"https:\/\/nvnoticias.mx\/index.php\/wp-json\/wp\/v2\/posts"}],"about":[{"href":"https:\/\/nvnoticias.mx\/index.php\/wp-json\/wp\/v2\/types\/post"}],"author":[{"embeddable":true,"href":"https:\/\/nvnoticias.mx\/index.php\/wp-json\/wp\/v2\/users\/35"}],"replies":[{"embeddable":true,"href":"https:\/\/nvnoticias.mx\/index.php\/wp-json\/wp\/v2\/comments?post=126469"}],"version-history":[{"count":1,"href":"https:\/\/nvnoticias.mx\/index.php\/wp-json\/wp\/v2\/posts\/126469\/revisions"}],"predecessor-version":[{"id":126474,"href":"https:\/\/nvnoticias.mx\/index.php\/wp-json\/wp\/v2\/posts\/126469\/revisions\/126474"}],"wp:featuredmedia":[{"embeddable":true,"href":"https:\/\/nvnoticias.mx\/index.php\/wp-json\/wp\/v2\/media\/3006"}],"wp:attachment":[{"href":"https:\/\/nvnoticias.mx\/index.php\/wp-json\/wp\/v2\/media?parent=126469"}],"wp:term":[{"taxonomy":"category","embeddable":true,"href":"https:\/\/nvnoticias.mx\/index.php\/wp-json\/wp\/v2\/categories?post=126469"},{"taxonomy":"post_tag","embeddable":true,"href":"https:\/\/nvnoticias.mx\/index.php\/wp-json\/wp\/v2\/tags?post=126469"}],"curies":[{"name":"wp","href":"https:\/\/api.w.org\/{rel}","templated":true}]}}