{"id":126457,"date":"2023-10-25T15:17:25","date_gmt":"2023-10-25T20:17:25","guid":{"rendered":"https:\/\/nvnoticias.mx\/?p=126457"},"modified":"2023-10-25T15:17:26","modified_gmt":"2023-10-25T20:17:26","slug":"se-agusana-paciente-en-el-haev-por-negligencia-medica","status":"publish","type":"post","link":"https:\/\/nvnoticias.mx\/index.php\/2023\/10\/25\/se-agusana-paciente-en-el-haev-por-negligencia-medica\/","title":{"rendered":"Se agusana paciente en el HAEV por negligencia m\u00e9dica"},"content":{"rendered":"\n<p><strong>Jes\u00fas Utrilla \/ NV Noticias<\/strong><\/p>\n\n\n\n<p>Presuntas negligencias m\u00e9dicas, mala atenci\u00f3n, falta de insumos y falta de medicamentos, persisten al interior del Hospital de Alta Especialidad de Veracruz (HAEV).<\/p>\n\n\n\n<p>Ahora acusaron que por falta de atenci\u00f3n inmediata se agusan\u00f3 un paciente. El problema fue en su oreja izquierda.<\/p>\n\n\n\n<p>Familiares de pacientes denunciaron que una persona mayor de edad,&nbsp;&nbsp;fue atropellada e ingresada al hospital hace algunas semanas y al no recibir atenci\u00f3n inmediata , su herida se \u201cagusan\u00f3\u201d, un video que fue entregado por la familia constata esta situaci\u00f3n.<\/p>\n\n\n\n<p>El se\u00f1or Alejandro dijo que fue llevado para atender al hospital y la falta de atenci\u00f3n trajeron que su familiar se agusanara.<\/p>\n\n\n\n<blockquote class=\"wp-block-quote is-layout-flow wp-block-quote-is-layout-flow\"><p>\u201c<em>Debido a la negligencia de esta gente, a los malos tratos de servicio que dan los m\u00e9dicos en vez de restablecerlos complican su situaci\u00f3n, van a arriesgar su vida, sobre todo el director Hugo Reyes permite esta situaci\u00f3n<\/em>\u201d.<\/p><\/blockquote>\n\n\n\n<p>Lo anterior tambi\u00e9n fue confirmado por la Vocera de los Pap\u00e1s de ni\u00f1os con cancer, Cora de Jes\u00fas Rodr\u00edguez, quien reiter\u00f3 la exigencia de la destituci\u00f3n del Doctor Hugo Enrique Reyes Devesa, ya que no est\u00e1 haciendo su trabajo.<\/p>\n\n\n\n<blockquote class=\"wp-block-quote is-layout-flow wp-block-quote-is-layout-flow\"><p>\u201c<em>Dice que hace recorridos, que ve todo lo que est\u00e1 pasando, sin embargo, si nosotros mostr\u00e1ramos fotograf\u00edas en donde hemos hecho ver que hasta se agusanan los pacientes y se le notifica, no s\u00e9 qu\u00e9 tipo de recorrido haga el doctor y todav\u00eda nos trata de mitoteras y de revoltosas<\/em>\u201d.<\/p><\/blockquote>\n\n\n\n<p>Sumado a esta queja tambi\u00e9n se present\u00f3 una persona de la tercera edad que contaba con una presunta infecci\u00f3n en las orejas , sin embargo han sido m\u00faltiples vueltas que se han hecho al hospital, y solo le daban paracetamol.<\/p>\n\n\n\n<p>Su familiar exhibi\u00f3 la fotograf\u00edas, dijo que no lo quer\u00edan atender, que buscaron en innumerables veces al director del hospital y simplemente no hab\u00eda respuesta, hasta que tuvieron que buscar el apoyo del colectivo de madres de ni\u00f1os con cancer , el cual coadyuv\u00f3 para que su familiar fuera operado y quitarle parte de su pecho para transplante de piel a sus orejas, sin embargo la cirug\u00eda fue un fracaso y el se\u00f1or empeor\u00f3.<\/p>\n\n\n\n<div class=\"wp-block-image\"><figure class=\"aligncenter size-large\"><img loading=\"lazy\" decoding=\"async\" width=\"768\" height=\"1024\" src=\"https:\/\/nvnoticias.mx\/wp-content\/uploads\/2023\/10\/PHOTO-2023-10-25-13-45-21-768x1024.jpg\" alt=\"\" class=\"wp-image-126458\" srcset=\"https:\/\/nvnoticias.mx\/wp-content\/uploads\/2023\/10\/PHOTO-2023-10-25-13-45-21-768x1024.jpg 768w, https:\/\/nvnoticias.mx\/wp-content\/uploads\/2023\/10\/PHOTO-2023-10-25-13-45-21-225x300.jpg 225w, https:\/\/nvnoticias.mx\/wp-content\/uploads\/2023\/10\/PHOTO-2023-10-25-13-45-21.jpg 780w\" sizes=\"auto, (max-width: 768px) 100vw, 768px\" \/><\/figure><\/div>\n\n\n\n<blockquote class=\"wp-block-quote is-layout-flow wp-block-quote-is-layout-flow\"><p>\u201c<em>\u00c9l se puso peor, pr\u00e1cticamente estaba perdiendo sus orejas<\/em>\u201d.<\/p><\/blockquote>\n\n\n\n<p>La familiar asegur\u00f3 que tampoco quer\u00edan realizar los estudios patol\u00f3gicos para descartar un cancer, el cual se realiz\u00f3 al final y ocasionando que la persona su situaci\u00f3n fuera m\u00e1s grave.<\/p>\n\n\n\n<blockquote class=\"wp-block-quote is-layout-flow wp-block-quote-is-layout-flow\"><p>\u201c<em>De todo lo anterior aseguran ten\u00eda conocimiento el director Hugo Reyes Devesa, y nada hizo al respecto; ocult\u00e1ndose siempre en su cargo y evitando darle soluci\u00f3n a las m\u00faltiples carencias del nosocomio que traen consigo afectaciones a la vida de los pacientes<\/em>\u201d.<\/p><\/blockquote>\n","protected":false},"excerpt":{"rendered":"<p>Jes\u00fas Utrilla \/ NV Noticias Presuntas negligencias m\u00e9dicas, mala atenci\u00f3n, falta de insumos y falta de medicamentos, persisten al interior del Hospital de Alta Especialidad de Veracruz (HAEV). Ahora acusaron que por falta de atenci\u00f3n inmediata se agusan\u00f3 un paciente. El problema fue en su oreja izquierda. Familiares de pacientes denunciaron que una persona mayor [&hellip;]<\/p>\n","protected":false},"author":8,"featured_media":70426,"comment_status":"open","ping_status":"open","sticky":false,"template":"","format":"standard","meta":{"_monsterinsights_skip_tracking":false,"_monsterinsights_sitenote_active":false,"_monsterinsights_sitenote_note":"","_monsterinsights_sitenote_category":0,"footnotes":""},"categories":[154],"tags":[15893,27977,12803],"class_list":["post-126457","post","type-post","status-publish","format-standard","has-post-thumbnail","hentry","category-veracruz","tag-haev","tag-negligencia-medica","tag-paciente","wp-image-borders"],"amp_enabled":true,"_links":{"self":[{"href":"https:\/\/nvnoticias.mx\/index.php\/wp-json\/wp\/v2\/posts\/126457","targetHints":{"allow":["GET"]}}],"collection":[{"href":"https:\/\/nvnoticias.mx\/index.php\/wp-json\/wp\/v2\/posts"}],"about":[{"href":"https:\/\/nvnoticias.mx\/index.php\/wp-json\/wp\/v2\/types\/post"}],"author":[{"embeddable":true,"href":"https:\/\/nvnoticias.mx\/index.php\/wp-json\/wp\/v2\/users\/8"}],"replies":[{"embeddable":true,"href":"https:\/\/nvnoticias.mx\/index.php\/wp-json\/wp\/v2\/comments?post=126457"}],"version-history":[{"count":1,"href":"https:\/\/nvnoticias.mx\/index.php\/wp-json\/wp\/v2\/posts\/126457\/revisions"}],"predecessor-version":[{"id":126459,"href":"https:\/\/nvnoticias.mx\/index.php\/wp-json\/wp\/v2\/posts\/126457\/revisions\/126459"}],"wp:featuredmedia":[{"embeddable":true,"href":"https:\/\/nvnoticias.mx\/index.php\/wp-json\/wp\/v2\/media\/70426"}],"wp:attachment":[{"href":"https:\/\/nvnoticias.mx\/index.php\/wp-json\/wp\/v2\/media?parent=126457"}],"wp:term":[{"taxonomy":"category","embeddable":true,"href":"https:\/\/nvnoticias.mx\/index.php\/wp-json\/wp\/v2\/categories?post=126457"},{"taxonomy":"post_tag","embeddable":true,"href":"https:\/\/nvnoticias.mx\/index.php\/wp-json\/wp\/v2\/tags?post=126457"}],"curies":[{"name":"wp","href":"https:\/\/api.w.org\/{rel}","templated":true}]}}