{"id":126442,"date":"2023-10-25T14:37:45","date_gmt":"2023-10-25T19:37:45","guid":{"rendered":"https:\/\/nvnoticias.mx\/?p=126442"},"modified":"2023-10-25T14:37:47","modified_gmt":"2023-10-25T19:37:47","slug":"condena-guterres-ocupacion-de-palestina-e-israel-pide-su-cabeza","status":"publish","type":"post","link":"https:\/\/nvnoticias.mx\/index.php\/2023\/10\/25\/condena-guterres-ocupacion-de-palestina-e-israel-pide-su-cabeza\/","title":{"rendered":"Condena Guterres ocupaci\u00f3n de Palestina e Israel pide su cabeza"},"content":{"rendered":"\n<p>El jefe de la ONU, Ant\u00f3nio Guterres, denunci\u00f3 ante el Consejo de Seguridad las \u201cviolaciones claras del derecho humanitario\u201d en Gaza, desatando la ira del canciller israel\u00ed, Eli Cohen, quien pidi\u00f3 su destituci\u00f3n.<\/p>\n\n\n\n<blockquote class=\"wp-block-quote is-layout-flow wp-block-quote-is-layout-flow\"><p>\u201cNinguna de las partes en un conflicto est\u00e1 por encima del derecho humanitario internacional\u201d, dijo Guterres, tras recordar que incluso la guerra \u201ctiene reglas\u201d.<br><\/p><\/blockquote>\n\n\n\n<p>El jefe de la ONU conden\u00f3 al grupo islamista Ham\u00e1s por el atentado del 7 de octubre en Israel que dej\u00f3 mil 400 muertos, la mayor\u00eda civiles, pero al mismo tiempo dijo que \u201ces importante reconocer\u201d que dichos atentados \u201cno se produjeron en el vac\u00edo\u201d.<\/p>\n\n\n\n<p>Objeto de \u201c56 a\u00f1os de ocupaci\u00f3n sofocante\u201d, la poblaci\u00f3n palestina \u201cha visto c\u00f3mo su tierra era devorada sin cesar por los asentamientos y asolada por la violencia; su econom\u00eda, asfixiada; su poblaci\u00f3n, desplazada y sus hogares, demolidos. Sus esperanzas de una soluci\u00f3n pol\u00edtica a su dif\u00edcil situaci\u00f3n se han ido desvaneciendo\u201d, record\u00f3 Guterres ante un concurrido, y dividido, Consejo de Seguridad de alto nivel.<\/p>\n\n\n\n<blockquote class=\"wp-block-quote is-layout-flow wp-block-quote-is-layout-flow\"><p>\u201cSe\u00f1or secretario, \u00bfen qu\u00e9 mundo vive?\u201d, le espet\u00f3 el canciller israel\u00ed, Eli Cohen, tras recordar que su pa\u00eds \u201cno solo tiene el derecho de defenderse, tenemos tambi\u00e9n el deber de hacerlo.<br><\/p><\/blockquote>\n\n\n\n<blockquote class=\"wp-block-quote is-layout-flow wp-block-quote-is-layout-flow\"><p>\u201cSin ninguna duda, no es el nuestro\u201d, se respondi\u00f3, tras mostrar fotos de los ataques de Ham\u00e1s contra civiles. En una declaraci\u00f3n a la prensa, acompa\u00f1ado por familiares de algunos de los 200 rehenes que captur\u00f3 Hamas, asegur\u00f3 que cancel\u00f3 la reuni\u00f3n prevista que ten\u00eda con Guterres.<br><\/p><\/blockquote>\n\n\n\n<p>Fuente:<a href=\"https:\/\/www.milenio.com\/internacional\/guterres-condena-ocupacion-palestina-israel-pide-cabeza\" data-type=\"URL\" data-id=\"https:\/\/www.milenio.com\/internacional\/guterres-condena-ocupacion-palestina-israel-pide-cabeza\"> Milenio<\/a><\/p>\n","protected":false},"excerpt":{"rendered":"<p>El jefe de la ONU, Ant\u00f3nio Guterres, denunci\u00f3 ante el Consejo de Seguridad las \u201cviolaciones claras del derecho humanitario\u201d en Gaza, desatando la ira del canciller israel\u00ed, Eli Cohen, quien pidi\u00f3 su destituci\u00f3n. \u201cNinguna de las partes en un conflicto est\u00e1 por encima del derecho humanitario internacional\u201d, dijo Guterres, tras recordar que incluso la guerra [&hellip;]<\/p>\n","protected":false},"author":35,"featured_media":25195,"comment_status":"open","ping_status":"open","sticky":false,"template":"","format":"standard","meta":{"_monsterinsights_skip_tracking":false,"_monsterinsights_sitenote_active":false,"_monsterinsights_sitenote_note":"","_monsterinsights_sitenote_category":0,"footnotes":""},"categories":[181],"tags":[4528,5442,3337,2509,11061],"class_list":["post-126442","post","type-post","status-publish","format-standard","has-post-thumbnail","hentry","category-internacional","tag-antonio-guterres","tag-condena","tag-israel","tag-ocupacion","tag-palestina","wp-image-borders"],"amp_enabled":true,"_links":{"self":[{"href":"https:\/\/nvnoticias.mx\/index.php\/wp-json\/wp\/v2\/posts\/126442","targetHints":{"allow":["GET"]}}],"collection":[{"href":"https:\/\/nvnoticias.mx\/index.php\/wp-json\/wp\/v2\/posts"}],"about":[{"href":"https:\/\/nvnoticias.mx\/index.php\/wp-json\/wp\/v2\/types\/post"}],"author":[{"embeddable":true,"href":"https:\/\/nvnoticias.mx\/index.php\/wp-json\/wp\/v2\/users\/35"}],"replies":[{"embeddable":true,"href":"https:\/\/nvnoticias.mx\/index.php\/wp-json\/wp\/v2\/comments?post=126442"}],"version-history":[{"count":1,"href":"https:\/\/nvnoticias.mx\/index.php\/wp-json\/wp\/v2\/posts\/126442\/revisions"}],"predecessor-version":[{"id":126443,"href":"https:\/\/nvnoticias.mx\/index.php\/wp-json\/wp\/v2\/posts\/126442\/revisions\/126443"}],"wp:featuredmedia":[{"embeddable":true,"href":"https:\/\/nvnoticias.mx\/index.php\/wp-json\/wp\/v2\/media\/25195"}],"wp:attachment":[{"href":"https:\/\/nvnoticias.mx\/index.php\/wp-json\/wp\/v2\/media?parent=126442"}],"wp:term":[{"taxonomy":"category","embeddable":true,"href":"https:\/\/nvnoticias.mx\/index.php\/wp-json\/wp\/v2\/categories?post=126442"},{"taxonomy":"post_tag","embeddable":true,"href":"https:\/\/nvnoticias.mx\/index.php\/wp-json\/wp\/v2\/tags?post=126442"}],"curies":[{"name":"wp","href":"https:\/\/api.w.org\/{rel}","templated":true}]}}