{"id":126432,"date":"2023-10-25T14:13:51","date_gmt":"2023-10-25T19:13:51","guid":{"rendered":"https:\/\/nvnoticias.mx\/?p=126432"},"modified":"2023-10-25T14:13:52","modified_gmt":"2023-10-25T19:13:52","slug":"sin-afectaciones-las-unidades-medicas-de-guerrero-oaxaca-y-michoacan-por-huracan-otis-imss","status":"publish","type":"post","link":"https:\/\/nvnoticias.mx\/index.php\/2023\/10\/25\/sin-afectaciones-las-unidades-medicas-de-guerrero-oaxaca-y-michoacan-por-huracan-otis-imss\/","title":{"rendered":"Sin afectaciones las unidades m\u00e9dicas de Guerrero, Oaxaca y Michoac\u00e1n por hurac\u00e1n &#8220;Otis&#8221;: IMSS"},"content":{"rendered":"\n<p>El Instituto Mexicano del Seguro Social (<strong>IMSS<\/strong>) report\u00f3 que sus <strong>unidades m\u00e9dicas<\/strong> en Guerrero, Oaxaca y Michoac\u00e1n no sufrieron afectaciones ante el paso del <strong>hurac\u00e1n &#8220;Otis&#8221;<\/strong>.<\/p>\n\n\n\n<p>El IMSS detall\u00f3 que mantienen comunicaci\u00f3n con los directivos de las unidades que, hasta el momento, funcionan con normalidad.<\/p>\n\n\n\n<p>De acuerdo con el Centro Virtual de Operaciones en Emergencias y Desastres (CVOED), de la Direcci\u00f3n de Prestaciones M\u00e9dicas, los efectos del hurac\u00e1n no afectaron la operatividad de los servicios en los hospitales Generales de Subzona con Medicina Familiar (HGSZ\/MF) No. 19 en Ciudad Altamirano; No. 3 de Chilpancingo; ni de las unidades m\u00e9dicas de Oaxaca y Michoac\u00e1n.<\/p>\n\n\n\n<blockquote class=\"wp-block-quote is-layout-flow wp-block-quote-is-layout-flow\"><p>&#8220;El HGSZ\/MF No. 19 se reportaba a las 06:00 horas <strong>sin da\u00f1os y funcionando<\/strong> con normalidad. Se mantiene comunicaci\u00f3n telef\u00f3nica, v\u00eda WhatsApp y correo electr\u00f3nico con directivos del nosocomio para conocer y atender sus necesidades&#8221;, especific\u00f3 el Instituto en un comunicado.<\/p><\/blockquote>\n\n\n\n<p>En lo que se refiere al HGSZ\/MF No. 3 se reporta sin da\u00f1os y funcionando con normalidad. Las unidades m\u00e9dicas del estado de <strong>Oaxaca <\/strong>funcionan con normalidad y las de <strong>Michoac\u00e1n <\/strong>se reportan sin novedad.<\/p>\n\n\n\n<p>Fuente:<em><a href=\"https:\/\/www.eluniversal.com.mx\/nacion\/sin-afectaciones-las-unidades-medicas-de-guerrero-oaxaca-y-michoacan-por-huracan-otis-reporta-el-imss\/\" data-type=\"URL\" data-id=\"https:\/\/www.eluniversal.com.mx\/nacion\/sin-afectaciones-las-unidades-medicas-de-guerrero-oaxaca-y-michoacan-por-huracan-otis-reporta-el-imss\/\"> El Universal<\/a><\/em><\/p>\n","protected":false},"excerpt":{"rendered":"<p>El Instituto Mexicano del Seguro Social (IMSS) report\u00f3 que sus unidades m\u00e9dicas en Guerrero, Oaxaca y Michoac\u00e1n no sufrieron afectaciones ante el paso del hurac\u00e1n &#8220;Otis&#8221;. El IMSS detall\u00f3 que mantienen comunicaci\u00f3n con los directivos de las unidades que, hasta el momento, funcionan con normalidad. De acuerdo con el Centro Virtual de Operaciones en Emergencias [&hellip;]<\/p>\n","protected":false},"author":35,"featured_media":23130,"comment_status":"open","ping_status":"open","sticky":false,"template":"","format":"standard","meta":{"_monsterinsights_skip_tracking":false,"_monsterinsights_sitenote_active":false,"_monsterinsights_sitenote_note":"","_monsterinsights_sitenote_category":0,"footnotes":""},"categories":[157],"tags":[2231,27952,365,3066,270],"class_list":["post-126432","post","type-post","status-publish","format-standard","has-post-thumbnail","hentry","category-nacional","tag-guerrero","tag-huracan-otis","tag-imss","tag-michoacan","tag-oaxaca","wp-image-borders"],"amp_enabled":true,"_links":{"self":[{"href":"https:\/\/nvnoticias.mx\/index.php\/wp-json\/wp\/v2\/posts\/126432","targetHints":{"allow":["GET"]}}],"collection":[{"href":"https:\/\/nvnoticias.mx\/index.php\/wp-json\/wp\/v2\/posts"}],"about":[{"href":"https:\/\/nvnoticias.mx\/index.php\/wp-json\/wp\/v2\/types\/post"}],"author":[{"embeddable":true,"href":"https:\/\/nvnoticias.mx\/index.php\/wp-json\/wp\/v2\/users\/35"}],"replies":[{"embeddable":true,"href":"https:\/\/nvnoticias.mx\/index.php\/wp-json\/wp\/v2\/comments?post=126432"}],"version-history":[{"count":1,"href":"https:\/\/nvnoticias.mx\/index.php\/wp-json\/wp\/v2\/posts\/126432\/revisions"}],"predecessor-version":[{"id":126433,"href":"https:\/\/nvnoticias.mx\/index.php\/wp-json\/wp\/v2\/posts\/126432\/revisions\/126433"}],"wp:featuredmedia":[{"embeddable":true,"href":"https:\/\/nvnoticias.mx\/index.php\/wp-json\/wp\/v2\/media\/23130"}],"wp:attachment":[{"href":"https:\/\/nvnoticias.mx\/index.php\/wp-json\/wp\/v2\/media?parent=126432"}],"wp:term":[{"taxonomy":"category","embeddable":true,"href":"https:\/\/nvnoticias.mx\/index.php\/wp-json\/wp\/v2\/categories?post=126432"},{"taxonomy":"post_tag","embeddable":true,"href":"https:\/\/nvnoticias.mx\/index.php\/wp-json\/wp\/v2\/tags?post=126432"}],"curies":[{"name":"wp","href":"https:\/\/api.w.org\/{rel}","templated":true}]}}