{"id":126423,"date":"2023-10-25T13:37:51","date_gmt":"2023-10-25T18:37:51","guid":{"rendered":"https:\/\/nvnoticias.mx\/?p=126423"},"modified":"2023-10-25T13:37:52","modified_gmt":"2023-10-25T18:37:52","slug":"asi-fueron-los-goles-de-santi-gimenez-en-su-debut-en-champions-league-con-el-feyenoord","status":"publish","type":"post","link":"https:\/\/nvnoticias.mx\/index.php\/2023\/10\/25\/asi-fueron-los-goles-de-santi-gimenez-en-su-debut-en-champions-league-con-el-feyenoord\/","title":{"rendered":"As\u00ed fueron los goles de Santi Gim\u00e9nez en su debut en Champions League con el Feyenoord"},"content":{"rendered":"\n<p>Santi Gim\u00e9nez firm\u00f3 un doblete con el Feyenoord, en juego de Champions League ante la Lazio.<\/p>\n\n\n\n<p>El primer tanto fue en la primera mitad, y el segundo lleg\u00f3 para sentenciar el juego en el segundo tiempo, y poner el 3-0 para su equipo y finiquitar el duelo en casa.<\/p>\n\n\n\n<p>Los dos primeros juegos de Champions en la fase de Grupos del Feyenoord, no los puso jugar el mexicano, por estar suspendido.<\/p>\n\n\n\n<p>Santi Gim\u00e9nez, debut\u00f3 en la Europa League, enfrentando a la Lazio y en aquel tiempo, les marc\u00f3 doblete.<\/p>\n\n\n\n<iframe loading=\"lazy\" src=\"https:\/\/www.facebook.com\/plugins\/video.php?height=314&#038;href=https%3A%2F%2Fwww.facebook.com%2Ftntsportsmex%2Fvideos%2F3634828546750998%2F&#038;show_text=false&#038;width=560&#038;t=0\" width=\"560\" height=\"314\" style=\"border:none;overflow:hidden\" scrolling=\"no\" frameborder=\"0\" allowfullscreen=\"true\" allow=\"autoplay; clipboard-write; encrypted-media; picture-in-picture; web-share\" allowFullScreen=\"true\"><\/iframe>\n\n\n\n<figure class=\"wp-block-embed aligncenter is-type-rich is-provider-twitter wp-block-embed-twitter\"><div class=\"wp-block-embed__wrapper\">\n<blockquote class=\"twitter-tweet\" data-width=\"550\" data-dnt=\"true\"><p lang=\"fr\" dir=\"ltr\">SANTI GIM\u00c9NEZ BRACE ON UCL DEBUT ???????? <a href=\"https:\/\/t.co\/9sUBJmYHsg\">pic.twitter.com\/9sUBJmYHsg<\/a><\/p>&mdash; Carefree????T (@BleuNotez) <a href=\"https:\/\/twitter.com\/BleuNotez\/status\/1717246080188895583?ref_src=twsrc%5Etfw\">October 25, 2023<\/a><\/blockquote><script async src=\"https:\/\/platform.twitter.com\/widgets.js\" charset=\"utf-8\"><\/script>\n<\/div><\/figure>\n","protected":false},"excerpt":{"rendered":"<p>Santi Gim\u00e9nez firm\u00f3 un doblete con el Feyenoord, en juego de Champions League ante la Lazio. El primer tanto fue en la primera mitad, y el segundo lleg\u00f3 para sentenciar el juego en el segundo tiempo, y poner el 3-0 para su equipo y finiquitar el duelo en casa. Los dos primeros juegos de Champions [&hellip;]<\/p>\n","protected":false},"author":8,"featured_media":126425,"comment_status":"open","ping_status":"open","sticky":false,"template":"","format":"standard","meta":{"_monsterinsights_skip_tracking":false,"_monsterinsights_sitenote_active":false,"_monsterinsights_sitenote_note":"","_monsterinsights_sitenote_category":0,"footnotes":""},"categories":[159],"tags":[3426,17732,17699],"class_list":["post-126423","post","type-post","status-publish","format-standard","has-post-thumbnail","hentry","category-deportes","tag-champions-league","tag-feyenoord","tag-santiago-gimenez","wp-image-borders"],"amp_enabled":true,"_links":{"self":[{"href":"https:\/\/nvnoticias.mx\/index.php\/wp-json\/wp\/v2\/posts\/126423","targetHints":{"allow":["GET"]}}],"collection":[{"href":"https:\/\/nvnoticias.mx\/index.php\/wp-json\/wp\/v2\/posts"}],"about":[{"href":"https:\/\/nvnoticias.mx\/index.php\/wp-json\/wp\/v2\/types\/post"}],"author":[{"embeddable":true,"href":"https:\/\/nvnoticias.mx\/index.php\/wp-json\/wp\/v2\/users\/8"}],"replies":[{"embeddable":true,"href":"https:\/\/nvnoticias.mx\/index.php\/wp-json\/wp\/v2\/comments?post=126423"}],"version-history":[{"count":1,"href":"https:\/\/nvnoticias.mx\/index.php\/wp-json\/wp\/v2\/posts\/126423\/revisions"}],"predecessor-version":[{"id":126426,"href":"https:\/\/nvnoticias.mx\/index.php\/wp-json\/wp\/v2\/posts\/126423\/revisions\/126426"}],"wp:featuredmedia":[{"embeddable":true,"href":"https:\/\/nvnoticias.mx\/index.php\/wp-json\/wp\/v2\/media\/126425"}],"wp:attachment":[{"href":"https:\/\/nvnoticias.mx\/index.php\/wp-json\/wp\/v2\/media?parent=126423"}],"wp:term":[{"taxonomy":"category","embeddable":true,"href":"https:\/\/nvnoticias.mx\/index.php\/wp-json\/wp\/v2\/categories?post=126423"},{"taxonomy":"post_tag","embeddable":true,"href":"https:\/\/nvnoticias.mx\/index.php\/wp-json\/wp\/v2\/tags?post=126423"}],"curies":[{"name":"wp","href":"https:\/\/api.w.org\/{rel}","templated":true}]}}