{"id":12631,"date":"2021-05-07T09:31:35","date_gmt":"2021-05-07T14:31:35","guid":{"rendered":"https:\/\/nvnoticias.mx\/?p=12631"},"modified":"2021-05-07T09:31:36","modified_gmt":"2021-05-07T14:31:36","slug":"firman-imss-y-unicef-memorandum-por-una-infancia-libre-de-obesidad-en-mexico","status":"publish","type":"post","link":"https:\/\/nvnoticias.mx\/index.php\/2021\/05\/07\/firman-imss-y-unicef-memorandum-por-una-infancia-libre-de-obesidad-en-mexico\/","title":{"rendered":"Firman IMSS y UNICEF Memor\u00e1ndum por una Infancia Libre de Obesidad en M\u00e9xico"},"content":{"rendered":"\n<p>El Instituto Mexicano del Seguro Social (IMSS) y el Fondo de las Naciones Unidas para la Infancia (UNICEF, por sus siglas en ingl\u00e9s) firmaron el Memor\u00e1ndum por una Infancia Libre de Obesidad en M\u00e9xico, que establece las bases y mecanismos de colaboraci\u00f3n para una mayor difusi\u00f3n, promoci\u00f3n e impulso de actividades en materia de lactancia materna y mejores h\u00e1bitos alimentarios.<\/p>\n\n\n\n<p>Signaron este acuerdo el secretario general del IMSS, Marcos Bucio M\u00fajica, en representaci\u00f3n del director general del Seguro Social, Maestro Zo\u00e9 Robledo, y el representante de UNICEF en M\u00e9xico, Christian Skoog, quienes refrendaron el compromiso interinstitucional de trabajar en favor de las ni\u00f1as, ni\u00f1os y adolescentes, y contribuir a garantizar sus derechos a la salud y el bienestar.<\/p>\n\n\n\n<p>El secretario general Marcos Bucio mencion\u00f3 que este Memor\u00e1ndum ser\u00e1 fundamental para intercambiar experiencias sobre cursos de capacitaci\u00f3n, dise\u00f1o conjunto de materiales oportunos, proyectos de investigaci\u00f3n y desarrollo de aplicaciones digitales que apoyen la promoci\u00f3n de la lactancia materna y sus implicaciones nutricionales.<\/p>\n\n\n\n<p>Afirm\u00f3 que para cambiar el rumbo en una instituci\u00f3n tan grande como el Seguro Social era necesario modificar \u201cel enfoque que cuidaba exclusivamente la salud de las finanzas, para empezar a hablar de la salud de las personas\u201d.<\/p>\n\n\n\n<blockquote class=\"wp-block-quote is-layout-flow wp-block-quote-is-layout-flow\"><p><em>\u201cAhora, la batalla que debemos librar a favor de la salud, el bienestar y el futuro de las y los ni\u00f1os de M\u00e9xico es contra la obesidad, el sobrepeso y las comorbilidades; es sin duda una guerra que juntos vamos a ganar\u201d<\/em>, asegur\u00f3.<\/p><\/blockquote>\n\n\n\n<p>Record\u00f3 que la emergencia sanitaria por COVID-19 evidenci\u00f3 la necesidad de atender la otra pandemia que afecta a la poblaci\u00f3n: la obesidad y el sobrepeso.<\/p>\n\n\n\n<p>Marcos Bucio refiri\u00f3 que el Seguro Social ha emprendido la lucha preventiva desde varios frentes contra estos padecimientos a trav\u00e9s de estrategias como NutrIMSS, ChiquitIMSS Junior, JuvenIMSS, Pasos por Salud y Yo Puedo, que promueven h\u00e1bitos alimenticios saludables.<\/p>\n\n\n\n<p>Se\u00f1al\u00f3 que el director general Zo\u00e9 Robledo, y el director de Prestaciones Econ\u00f3micas y Sociales, doctor Mauricio Hern\u00e1ndez \u00c1vila, realizaron con la Secretar\u00eda de Educaci\u00f3n P\u00fablica y la subsecretar\u00eda de Educaci\u00f3n B\u00e1sica, un trabajo coordinado en atenci\u00f3n a la instrucci\u00f3n del presidente Andr\u00e9s Manuel L\u00f3pez Obrador para contar con una nueva asignatura, con el apoyo del libro que se trabaj\u00f3 desde hace un a\u00f1o: Vida Saludable.<\/p>\n\n\n\n<p>En el Memor\u00e1ndum firmado por el IMSS y UNICEF se incluyen actividades que se realizar\u00e1n de manera conjunta para mejorar la salud de ni\u00f1os y ni\u00f1as, en especial en lo relacionado con: promoci\u00f3n de las mejores pr\u00e1cticas de nutrici\u00f3n de ni\u00f1os, ni\u00f1as y adolescentes, con enfoque en la lactancia materna y la alimentaci\u00f3n saludable en el lugar de trabajo y en los centros de atenci\u00f3n infantil (CAI) \/ guarder\u00edas; fortalecimiento de las pol\u00edticas orientadas a la familia en t\u00e9rminos de la protecci\u00f3n de la mujer trabajadora y sus derechos laborales, y generaci\u00f3n y diseminaci\u00f3n de evidencia sobre nutrici\u00f3n, alimentaci\u00f3n y pol\u00edticas orientadas a la familia en el lugar de trabajo.<\/p>\n\n\n\n<blockquote class=\"wp-block-quote is-layout-flow wp-block-quote-is-layout-flow\"><p><em>\u201cEn UNICEF nos honra la firma de este Memor\u00e1ndum, puesto que lo percibimos como una oportunidad para trabajar de manera conjunta y, as\u00ed, contribuir al cumplimiento de los derechos de las ni\u00f1as, ni\u00f1os y adolescentes en M\u00e9xico. Estoy convencido de que este es el principio de muchas m\u00e1s acciones que beneficiar\u00e1n a una parte importante de la poblaci\u00f3n, que con este \u00e1nimo constructivo y con la uni\u00f3n de esfuerzos llevaremos adelante una alianza productiva y duradera\u201d<\/em>, dijo Christian Skoog durante la firma del convenio.<\/p><\/blockquote>\n\n\n\n<p>Antes de la firma del memor\u00e1ndum, entre el IMSS y UNICEF exist\u00eda ya una relaci\u00f3n de trabajo, que se enfoc\u00f3 en temas de lactancia materna y alimentaci\u00f3n complementaria dentro de los Centros de Atenci\u00f3n Infantil, fortalecimiento de las pol\u00edticas de lactancia en el lugar de trabajo y en mejorar las regulaciones que protegen la lactancia materna.<\/p>\n\n\n\n<p>Por su parte, la directora de Prestaciones M\u00e9dicas del IMSS, doctora C\u00e9lida Duque Molina, coment\u00f3 que Latinoam\u00e9rica es el continente m\u00e1s afectado con m\u00e1s de 25 por ciento de incidencia en sobrepeso y obesidad infantil.<\/p>\n\n\n\n<p>Para atender de manera pronta esta situaci\u00f3n, el IMSS cuenta con 179 lactarios para fortalecer la lactancia materna y prevenir los efectos que pueden provocar el sobrepeso y la obesidad, refiri\u00f3.<\/p>\n\n\n\n<p>Indic\u00f3 que actualmente el IMSS trabaja en un programa de revalorizaci\u00f3n de la atenci\u00f3n preventiva integral para que a trav\u00e9s de medidas de intervenci\u00f3n se adopten los cambios de alimentaci\u00f3n que hoy se requieren en la familia.<\/p>\n\n\n\n<p>Para la firma del Memor\u00e1ndum acudieron como testigos de honor Uritzimar San Mart\u00edn, directora general de Alimentaci\u00f3n, en representaci\u00f3n de Mar\u00eda del Roc\u00edo Garc\u00eda P\u00e9rez, titular del Sistema Nacional del Desarrollo Integral de las Familias (DIF);Yossadara Franco Luna, directora Acad\u00e9mica en representaci\u00f3n de Martha Velda Hern\u00e1ndez Moreno, subsecretaria de Educaci\u00f3n B\u00e1sica de la Secretar\u00eda de Educaci\u00f3n P\u00fablica (SEP).<\/p>\n\n\n\n<p>Tambi\u00e9n asistieron el doctor Mauricio Hern\u00e1ndez \u00c1vila, director de Prestaciones Econ\u00f3micas y Sociales del IMSS;Jos\u00e9 Luis Carazo Preciado, representante del Sector Obrero del H. Consejo T\u00e9cnico;Fabiana Zepeda Arias, titular del Programa de Enfermer\u00eda del IMSS;doctora Vesta Louise Richardson L\u00f3pez Collada, coordinadora del Servicio de Guarder\u00eda para el Desarrollo Integral Infantil del IMSS;V\u00edctor Cruz Vergara, representante del Sector Obrero del IMSS; Mauro Brero, jefe de Nutrici\u00f3n de UNICEF;Matthias Sachse, oficial nacional de Salud y Nutrici\u00f3n en UNICEF.<\/p>\n","protected":false},"excerpt":{"rendered":"<p>El Instituto Mexicano del Seguro Social (IMSS) y el Fondo de las Naciones Unidas para la Infancia (UNICEF, por sus siglas en ingl\u00e9s) firmaron el Memor\u00e1ndum por una Infancia Libre de Obesidad en M\u00e9xico, que establece las bases y mecanismos de colaboraci\u00f3n para una mayor difusi\u00f3n, promoci\u00f3n e impulso de actividades en materia de lactancia [&hellip;]<\/p>\n","protected":false},"author":6,"featured_media":12632,"comment_status":"open","ping_status":"open","sticky":false,"template":"","format":"standard","meta":{"_monsterinsights_skip_tracking":false,"_monsterinsights_sitenote_active":false,"_monsterinsights_sitenote_note":"","_monsterinsights_sitenote_category":0,"footnotes":""},"categories":[157],"tags":[365,3284,3485,3484],"class_list":["post-12631","post","type-post","status-publish","format-standard","has-post-thumbnail","hentry","category-nacional","tag-imss","tag-infantes","tag-obesidad-en-mexico","tag-unicef","wp-image-borders"],"amp_enabled":true,"_links":{"self":[{"href":"https:\/\/nvnoticias.mx\/index.php\/wp-json\/wp\/v2\/posts\/12631","targetHints":{"allow":["GET"]}}],"collection":[{"href":"https:\/\/nvnoticias.mx\/index.php\/wp-json\/wp\/v2\/posts"}],"about":[{"href":"https:\/\/nvnoticias.mx\/index.php\/wp-json\/wp\/v2\/types\/post"}],"author":[{"embeddable":true,"href":"https:\/\/nvnoticias.mx\/index.php\/wp-json\/wp\/v2\/users\/6"}],"replies":[{"embeddable":true,"href":"https:\/\/nvnoticias.mx\/index.php\/wp-json\/wp\/v2\/comments?post=12631"}],"version-history":[{"count":1,"href":"https:\/\/nvnoticias.mx\/index.php\/wp-json\/wp\/v2\/posts\/12631\/revisions"}],"predecessor-version":[{"id":12633,"href":"https:\/\/nvnoticias.mx\/index.php\/wp-json\/wp\/v2\/posts\/12631\/revisions\/12633"}],"wp:featuredmedia":[{"embeddable":true,"href":"https:\/\/nvnoticias.mx\/index.php\/wp-json\/wp\/v2\/media\/12632"}],"wp:attachment":[{"href":"https:\/\/nvnoticias.mx\/index.php\/wp-json\/wp\/v2\/media?parent=12631"}],"wp:term":[{"taxonomy":"category","embeddable":true,"href":"https:\/\/nvnoticias.mx\/index.php\/wp-json\/wp\/v2\/categories?post=12631"},{"taxonomy":"post_tag","embeddable":true,"href":"https:\/\/nvnoticias.mx\/index.php\/wp-json\/wp\/v2\/tags?post=12631"}],"curies":[{"name":"wp","href":"https:\/\/api.w.org\/{rel}","templated":true}]}}