{"id":126278,"date":"2023-10-24T14:02:43","date_gmt":"2023-10-24T19:02:43","guid":{"rendered":"https:\/\/nvnoticias.mx\/?p=126278"},"modified":"2023-10-24T14:02:45","modified_gmt":"2023-10-24T19:02:45","slug":"quedan-atrapadas-cinco-personas-en-elevador-del-imss-de-diaz-miron","status":"publish","type":"post","link":"https:\/\/nvnoticias.mx\/index.php\/2023\/10\/24\/quedan-atrapadas-cinco-personas-en-elevador-del-imss-de-diaz-miron\/","title":{"rendered":"Quedan atrapadas cinco personas en elevador del IMSS de D\u00edaz Mir\u00f3n"},"content":{"rendered":"\n<p><strong>Jes\u00fas Utrilla \/ NV Noticias<\/strong><\/p>\n\n\n\n<p>Dos personas quedaron atrapadas en el elevador del Instituto Mexicano del Seguro Social ubicado en D\u00edaz Mir\u00f3n. Present\u00f3 una falla y dej\u00f3 atrapadas a cinco personas. <\/p>\n\n\n\n<p>El elevador de la cl\u00ednica 71 ubicado se qued\u00f3 atorado a medio camino, por lo que pidieron ayuda.<\/p>\n\n\n\n<p>Aunque el personal del IMSS trat\u00f3 de arreglarlo, los usuarios lo hicieron del conocimiento del 911 para que llegaran ayudarlos. <\/p>\n\n\n\n<p>Fueron los mismos trabajadores de servicios generales de la instituci\u00f3n quienes lograron sacar a las personas.<\/p>\n\n\n\n<p>La gente qued\u00f3 atrapada cerca durante de 20 minutos. <\/p>\n\n\n\n<p>Los usuarios afirman que son m\u00e1s de cinco ocasiones en que se han presentado estos hechos.<\/p>\n\n\n\n<p>Cabe recordar que en septiembre dos personas de la tercera edad quedaron atrapadas en el elevador del ISSSTE en la ciudad de Veracruz lo que gener\u00f3 una movilizaci\u00f3n por parte de las corporaciones policiales y de rescate.<\/p>\n\n\n\n<p>Sin embargo, fueron los trabajadores de dicha instituci\u00f3n del sector salud quienes lograron rescatar a un hombre y una mujer de la tercera edad quienes no lograban salir del ascensor por una aparente falla mec\u00e1nica.<\/p>\n","protected":false},"excerpt":{"rendered":"<p>Jes\u00fas Utrilla \/ NV Noticias Dos personas quedaron atrapadas en el elevador del Instituto Mexicano del Seguro Social ubicado en D\u00edaz Mir\u00f3n. Present\u00f3 una falla y dej\u00f3 atrapadas a cinco personas. El elevador de la cl\u00ednica 71 ubicado se qued\u00f3 atorado a medio camino, por lo que pidieron ayuda. Aunque el personal del IMSS trat\u00f3 [&hellip;]<\/p>\n","protected":false},"author":8,"featured_media":126280,"comment_status":"open","ping_status":"open","sticky":false,"template":"","format":"standard","meta":{"_monsterinsights_skip_tracking":false,"_monsterinsights_sitenote_active":false,"_monsterinsights_sitenote_note":"","_monsterinsights_sitenote_category":0,"footnotes":""},"categories":[154],"tags":[4262,24680,365],"class_list":["post-126278","post","type-post","status-publish","format-standard","has-post-thumbnail","hentry","category-veracruz","tag-diaz-miron","tag-elevador","tag-imss","wp-image-borders"],"amp_enabled":true,"_links":{"self":[{"href":"https:\/\/nvnoticias.mx\/index.php\/wp-json\/wp\/v2\/posts\/126278","targetHints":{"allow":["GET"]}}],"collection":[{"href":"https:\/\/nvnoticias.mx\/index.php\/wp-json\/wp\/v2\/posts"}],"about":[{"href":"https:\/\/nvnoticias.mx\/index.php\/wp-json\/wp\/v2\/types\/post"}],"author":[{"embeddable":true,"href":"https:\/\/nvnoticias.mx\/index.php\/wp-json\/wp\/v2\/users\/8"}],"replies":[{"embeddable":true,"href":"https:\/\/nvnoticias.mx\/index.php\/wp-json\/wp\/v2\/comments?post=126278"}],"version-history":[{"count":1,"href":"https:\/\/nvnoticias.mx\/index.php\/wp-json\/wp\/v2\/posts\/126278\/revisions"}],"predecessor-version":[{"id":126281,"href":"https:\/\/nvnoticias.mx\/index.php\/wp-json\/wp\/v2\/posts\/126278\/revisions\/126281"}],"wp:featuredmedia":[{"embeddable":true,"href":"https:\/\/nvnoticias.mx\/index.php\/wp-json\/wp\/v2\/media\/126280"}],"wp:attachment":[{"href":"https:\/\/nvnoticias.mx\/index.php\/wp-json\/wp\/v2\/media?parent=126278"}],"wp:term":[{"taxonomy":"category","embeddable":true,"href":"https:\/\/nvnoticias.mx\/index.php\/wp-json\/wp\/v2\/categories?post=126278"},{"taxonomy":"post_tag","embeddable":true,"href":"https:\/\/nvnoticias.mx\/index.php\/wp-json\/wp\/v2\/tags?post=126278"}],"curies":[{"name":"wp","href":"https:\/\/api.w.org\/{rel}","templated":true}]}}