{"id":126246,"date":"2023-10-24T11:42:37","date_gmt":"2023-10-24T16:42:37","guid":{"rendered":"https:\/\/nvnoticias.mx\/?p=126246"},"modified":"2023-10-24T11:42:38","modified_gmt":"2023-10-24T16:42:38","slug":"admite-dante-delgado-que-ebrard-si-es-opcion-para-mc","status":"publish","type":"post","link":"https:\/\/nvnoticias.mx\/index.php\/2023\/10\/24\/admite-dante-delgado-que-ebrard-si-es-opcion-para-mc\/","title":{"rendered":"Admite Dante Delgado que Ebrard s\u00ed es opci\u00f3n para MC"},"content":{"rendered":"\n<p>De cara a la elecci\u00f3n presidencial de 2024,&nbsp;el gobernador de Nuevo Le\u00f3n, Samuel Garc\u00eda,&nbsp;<strong>representa la opci\u00f3n interna para ser el candidato de Movimiento Ciudadano (MC)<\/strong>&nbsp;a la Presidencia de la Rep\u00fablica, y el excanciller&nbsp;Marcelo Ebrard<strong>&nbsp;representa la opci\u00f3n externa<\/strong>, declar\u00f3 el dirigente nacional naranja, Dante Delgado.<\/p>\n\n\n\n<p>El legislador, al dar su informe de actividades legislativas en la sede alterna del Senado en Xicot\u00e9ncatl, afirm\u00f3 que<strong>&nbsp;MC no s\u00f3lo tiene el mejor proyecto para el pa\u00eds, sino adem\u00e1s tendr\u00e1 la mejor candidatura a la Presidencia.<\/strong><\/p>\n\n\n\n<blockquote class=\"wp-block-quote is-layout-flow wp-block-quote-is-layout-flow\"><p>\u201cYo creo que Samuel (Garc\u00eda) es una opci\u00f3n interna y el licenciado Marcelo Ebrard ser\u00eda una opci\u00f3n ciudadana externa\u201d, declar\u00f3 al final al ser cuestionado por los medios de comunicaci\u00f3n.<\/p><\/blockquote>\n\n\n\n<p>En su discurso, el pol\u00edtico veracruzano rechaz\u00f3 que MC divida a la oposici\u00f3n al postular a un candidato a la Presidencia de la Rep\u00fablica, en lugar de sumarse al frente opositor conformado por el&nbsp;PAN, PRI y PRD.<\/p>\n\n\n\n<blockquote class=\"wp-block-quote is-layout-flow wp-block-quote-is-layout-flow\"><p>\u201cEn el \u00faltimo a\u00f1o, Movimiento Ciudadano ha sido cuestionado por las decisiones que hemos tomado. De manera burda y agresiva&nbsp;<strong>nos han acusado perversamente de dividir a la oposici\u00f3n y de estar al servicio del Presidente.&nbsp;<\/strong>Eso es totalmente falso y el tiempo nos ha dado la raz\u00f3n. Es falso, porque la alianza no es oposici\u00f3n, es la vieja pol\u00edtica queriendo recuperar el poder, los privilegios y la impunidad que perdieron\u201d, acus\u00f3.<\/p><\/blockquote>\n\n\n\n<p>Por lo tanto, subray\u00f3,&nbsp;Movimiento Ciudadano<strong>&nbsp;hizo lo correcto al no unirse a ninguna alianza y \u201cal no violar la ley adelantando los procesos electorales<\/strong>, al no caer en la ilusi\u00f3n del fen\u00f3meno que no lo fue, al no ceder a la presi\u00f3n de poderes f\u00e1cticos y bien pensantes que, en su desesperaci\u00f3n por el presente, olvidaron que los problemas del pa\u00eds se gestaron en el pasado\u201d.<\/p>\n\n\n\n<p>Delgado Rannauro asegur\u00f3 adem\u00e1s que el todav\u00eda morenista&nbsp;<strong>Marcelo Ebrard \u201ctiene abiertos los espacios para la participaci\u00f3n pol\u00edtica\u201d&nbsp;<\/strong>y destac\u00f3 su \u201ctrayectoria e historia de vida de pr\u00e1cticas de buen gobierno\u201d.<\/p>\n\n\n\n<p>De acuerdo con su equipo, Ebrard y su organizaci\u00f3n El Camino de M\u00e9xico&nbsp;<strong>se encuentran a la espera de que la Comisi\u00f3n Nacional de Honestidad y Justicia de Morena<\/strong>&nbsp;resuelva el recurso de impugnaci\u00f3n al proceso interno de ese partido, interpuesta en virtud de las numerosas irregularidades y pr\u00e1cticas no democr\u00e1ticas registradas, de acuerdo con la versi\u00f3n del excanciller.<\/p>\n\n\n\n<p>Asimismo, se reiter\u00f3 que Ebrard pidi\u00f3 a Morena saber si habr\u00e1 una consecuencia a las faltas a los estatutos, a la ley y al acuerdo signado en junio pasado o si, por el contrario, habr\u00e1n de preservarse como pr\u00e1cticas aceptadas en futuros procesos de selecci\u00f3n de candidatas y candidatos, por lo que \u201cla respuesta a esta interrogante determinar\u00e1 el sentido de nuestro destino y acciones a seguir\u201d.<\/p>\n\n\n\n<p>Fuente:<a href=\"https:\/\/www.elfinanciero.com.mx\/nacional\/2023\/10\/24\/para-2024-en-mc-samuel-es-opcion-interna-y-ebrard-externa-asegura-dante\/?outputType=amp\" data-type=\"URL\" data-id=\"https:\/\/www.elfinanciero.com.mx\/nacional\/2023\/10\/24\/para-2024-en-mc-samuel-es-opcion-interna-y-ebrard-externa-asegura-dante\/?outputType=amp\"> El Financiero<\/a> <\/p>\n","protected":false},"excerpt":{"rendered":"<p>De cara a la elecci\u00f3n presidencial de 2024,&nbsp;el gobernador de Nuevo Le\u00f3n, Samuel Garc\u00eda,&nbsp;representa la opci\u00f3n interna para ser el candidato de Movimiento Ciudadano (MC)&nbsp;a la Presidencia de la Rep\u00fablica, y el excanciller&nbsp;Marcelo Ebrard&nbsp;representa la opci\u00f3n externa, declar\u00f3 el dirigente nacional naranja, Dante Delgado. El legislador, al dar su informe de actividades legislativas en la [&hellip;]<\/p>\n","protected":false},"author":35,"featured_media":110689,"comment_status":"open","ping_status":"open","sticky":false,"template":"","format":"standard","meta":{"_monsterinsights_skip_tracking":false,"_monsterinsights_sitenote_active":false,"_monsterinsights_sitenote_note":"","_monsterinsights_sitenote_category":0,"footnotes":""},"categories":[158],"tags":[10455,3254,391,687],"class_list":["post-126246","post","type-post","status-publish","format-standard","has-post-thumbnail","hentry","category-politica","tag-admite","tag-dante-delgado","tag-marcelo-ebrard","tag-movimiento-ciudadano","wp-image-borders"],"amp_enabled":true,"_links":{"self":[{"href":"https:\/\/nvnoticias.mx\/index.php\/wp-json\/wp\/v2\/posts\/126246","targetHints":{"allow":["GET"]}}],"collection":[{"href":"https:\/\/nvnoticias.mx\/index.php\/wp-json\/wp\/v2\/posts"}],"about":[{"href":"https:\/\/nvnoticias.mx\/index.php\/wp-json\/wp\/v2\/types\/post"}],"author":[{"embeddable":true,"href":"https:\/\/nvnoticias.mx\/index.php\/wp-json\/wp\/v2\/users\/35"}],"replies":[{"embeddable":true,"href":"https:\/\/nvnoticias.mx\/index.php\/wp-json\/wp\/v2\/comments?post=126246"}],"version-history":[{"count":5,"href":"https:\/\/nvnoticias.mx\/index.php\/wp-json\/wp\/v2\/posts\/126246\/revisions"}],"predecessor-version":[{"id":126251,"href":"https:\/\/nvnoticias.mx\/index.php\/wp-json\/wp\/v2\/posts\/126246\/revisions\/126251"}],"wp:featuredmedia":[{"embeddable":true,"href":"https:\/\/nvnoticias.mx\/index.php\/wp-json\/wp\/v2\/media\/110689"}],"wp:attachment":[{"href":"https:\/\/nvnoticias.mx\/index.php\/wp-json\/wp\/v2\/media?parent=126246"}],"wp:term":[{"taxonomy":"category","embeddable":true,"href":"https:\/\/nvnoticias.mx\/index.php\/wp-json\/wp\/v2\/categories?post=126246"},{"taxonomy":"post_tag","embeddable":true,"href":"https:\/\/nvnoticias.mx\/index.php\/wp-json\/wp\/v2\/tags?post=126246"}],"curies":[{"name":"wp","href":"https:\/\/api.w.org\/{rel}","templated":true}]}}