{"id":126217,"date":"2023-10-23T20:11:20","date_gmt":"2023-10-24T01:11:20","guid":{"rendered":"https:\/\/nvnoticias.mx\/?p=126217"},"modified":"2023-10-23T20:11:21","modified_gmt":"2023-10-24T01:11:21","slug":"verstappen-sin-miedo-a-ser-abucheado-en-mexico","status":"publish","type":"post","link":"https:\/\/nvnoticias.mx\/index.php\/2023\/10\/23\/verstappen-sin-miedo-a-ser-abucheado-en-mexico\/","title":{"rendered":"Verstappen, sin miedo a ser abucheado en M\u00e9xico"},"content":{"rendered":"\n<p>&#8216;Checo&#8217; P\u00e9rez fue uno de los pilotos que m\u00e1s aplausos y muestras de cari\u00f1o tuvo por parte de los aficionados en el GP de Austin, y por lo que resta a Max Verstappen, recibi\u00f3 algunos abucheos, algo que podr\u00eda repetirse en gran magnitud en el GP de M\u00e9xico.<\/p>\n\n\n\n<p>Al\u00a0ser cuestionado por esta situaci\u00f3n, el piloto de los Pa\u00edses Bajos, asegur\u00f3 que no le importa si en M\u00e9xico lo abuchean: \u201cNo, porque al final soy yo quien se va a casa con un trofeo. As\u00ed que est\u00e1 bien para m\u00ed [&#8230;].\u00a0Entonces igual ser\u00e9 el que se va a casa con ese trofeo, as\u00ed que est\u00e1 completamente bien\u201d.<\/p>\n\n\n\n<p>El GP de M\u00e9xico, ser\u00e1 este 29 de octubre en el Aut\u00f3dromo de los Hermanos Rodr\u00edguez.<\/p>\n","protected":false},"excerpt":{"rendered":"<p>&#8216;Checo&#8217; P\u00e9rez fue uno de los pilotos que m\u00e1s aplausos y muestras de cari\u00f1o tuvo por parte de los aficionados en el GP de Austin, y por lo que resta a Max Verstappen, recibi\u00f3 algunos abucheos, algo que podr\u00eda repetirse en gran magnitud en el GP de M\u00e9xico. Al\u00a0ser cuestionado por esta situaci\u00f3n, el piloto [&hellip;]<\/p>\n","protected":false},"author":8,"featured_media":60458,"comment_status":"open","ping_status":"open","sticky":false,"template":"","format":"standard","meta":{"_monsterinsights_skip_tracking":false,"_monsterinsights_sitenote_active":false,"_monsterinsights_sitenote_note":"","_monsterinsights_sitenote_category":0,"footnotes":""},"categories":[159],"tags":[27939,3699,6611,7812],"class_list":["post-126217","post","type-post","status-publish","format-standard","has-post-thumbnail","hentry","category-deportes","tag-abucheos","tag-f1","tag-gran-premio-de-mexico","tag-max-verstappen","wp-image-borders"],"amp_enabled":true,"_links":{"self":[{"href":"https:\/\/nvnoticias.mx\/index.php\/wp-json\/wp\/v2\/posts\/126217","targetHints":{"allow":["GET"]}}],"collection":[{"href":"https:\/\/nvnoticias.mx\/index.php\/wp-json\/wp\/v2\/posts"}],"about":[{"href":"https:\/\/nvnoticias.mx\/index.php\/wp-json\/wp\/v2\/types\/post"}],"author":[{"embeddable":true,"href":"https:\/\/nvnoticias.mx\/index.php\/wp-json\/wp\/v2\/users\/8"}],"replies":[{"embeddable":true,"href":"https:\/\/nvnoticias.mx\/index.php\/wp-json\/wp\/v2\/comments?post=126217"}],"version-history":[{"count":1,"href":"https:\/\/nvnoticias.mx\/index.php\/wp-json\/wp\/v2\/posts\/126217\/revisions"}],"predecessor-version":[{"id":126218,"href":"https:\/\/nvnoticias.mx\/index.php\/wp-json\/wp\/v2\/posts\/126217\/revisions\/126218"}],"wp:featuredmedia":[{"embeddable":true,"href":"https:\/\/nvnoticias.mx\/index.php\/wp-json\/wp\/v2\/media\/60458"}],"wp:attachment":[{"href":"https:\/\/nvnoticias.mx\/index.php\/wp-json\/wp\/v2\/media?parent=126217"}],"wp:term":[{"taxonomy":"category","embeddable":true,"href":"https:\/\/nvnoticias.mx\/index.php\/wp-json\/wp\/v2\/categories?post=126217"},{"taxonomy":"post_tag","embeddable":true,"href":"https:\/\/nvnoticias.mx\/index.php\/wp-json\/wp\/v2\/tags?post=126217"}],"curies":[{"name":"wp","href":"https:\/\/api.w.org\/{rel}","templated":true}]}}