{"id":126142,"date":"2023-10-23T13:34:32","date_gmt":"2023-10-23T18:34:32","guid":{"rendered":"https:\/\/nvnoticias.mx\/?p=126142"},"modified":"2023-10-23T13:35:29","modified_gmt":"2023-10-23T18:35:29","slug":"la-reaccion-de-kim-kardashian-cuando-north-west-revelo-su-diagnostico-de-dislexia","status":"publish","type":"post","link":"https:\/\/nvnoticias.mx\/index.php\/2023\/10\/23\/la-reaccion-de-kim-kardashian-cuando-north-west-revelo-su-diagnostico-de-dislexia\/","title":{"rendered":"La reacci\u00f3n de Kim Kardashian cuando North West revel\u00f3 su diagn\u00f3stico de dislexia"},"content":{"rendered":"\n<p>Durante una transmisi\u00f3n en vivo con su madre\u00a0Kim Kardashian\u00a0en su cuenta compartida de TikTok, kimandnorth, la ni\u00f1a de 10 a\u00f1os revel\u00f3 cierta informaci\u00f3n personal.<\/p>\n\n\n\n<blockquote class=\"wp-block-quote is-layout-flow wp-block-quote-is-layout-flow\"><p>&#8220;Chicos, tengo dislexia&#8221;, dijo North durante el video en vivo del 18 de octubre. &#8220;\u00bfSaben siquiera qu\u00e9 es eso?&#8221;<\/p><\/blockquote>\n\n\n\n<p>La dislexia, seg\u00fan la Cl\u00ednica Cleveland, &#8220;es una discapacidad del aprendizaje que altera la forma en que el cerebro procesa el lenguaje escrito&#8221;.<\/p>\n\n\n\n<p>En respuesta a la admisi\u00f3n de su hija, Kim dijo, &#8220;Northie, seguro que est\u00e1s cont\u00e1ndolo todo aqu\u00ed&#8221;.<\/p>\n\n\n\n<p>Lo que llev\u00f3 a North a preguntar a sus seguidores, &#8220;\u00bfDeber\u00eda lanzar un \u00e1lbum?&#8221;.<\/p>\n\n\n\n<p>Y parece que Kim se sorprendi\u00f3 bastante cuando North se abri\u00f3 durante el video mientras amenazaba en broma con terminar el live. &#8220;Voy a dejar este live ahora mismo&#8221;, respondi\u00f3 la fundadora de SKIMS, &#8220;porque est\u00e1s diciendo demasiado. A prop\u00f3sito, no hablo de cosas por las que est\u00e1s pasando&#8221;.<\/p>\n\n\n\n<p>El d\u00fao de madre e hija es conocido por sus divertidos TikToks y transmisiones en vivo conjuntas. Sin embargo, el verano pasado, mientras estaban de vacaciones en Tokio, realmente se superaron a s\u00ed mismas en un TikTok que recreaba una vieja apariencia del padre de North,\u00a0Kanye West, con quien Kim tambi\u00e9n comparte a sus hijos\u00a0<strong>Saint<\/strong>, de 7 a\u00f1os,\u00a0<strong>Chicago<\/strong>, de 5, y\u00a0<strong>Psalm<\/strong>, de 4.<\/p>\n\n\n\n<p>En la publicaci\u00f3n del 23 de agosto, North est\u00e1 vestida con un look que recuerda al que us\u00f3 su padre durante una aparici\u00f3n de 2004 en Total Request Live mientras ella y su madre cantan el \u00e9xito de 2008 &#8220;American Boy&#8221; de&nbsp;<strong>Estelle<\/strong>, que cuenta con la participaci\u00f3n del rapero.<\/p>\n\n\n\n<p>El d\u00fao subtitul\u00f3 su publicaci\u00f3n, &#8220;Viviendo la vida en Tokio&#8221;.<\/p>\n\n\n\n<p>Fuente: E!<\/p>\n","protected":false},"excerpt":{"rendered":"<p>Durante una transmisi\u00f3n en vivo con su madre\u00a0Kim Kardashian\u00a0en su cuenta compartida de TikTok, kimandnorth, la ni\u00f1a de 10 a\u00f1os revel\u00f3 cierta informaci\u00f3n personal. &#8220;Chicos, tengo dislexia&#8221;, dijo North durante el video en vivo del 18 de octubre. &#8220;\u00bfSaben siquiera qu\u00e9 es eso?&#8221; La dislexia, seg\u00fan la Cl\u00ednica Cleveland, &#8220;es una discapacidad del aprendizaje que [&hellip;]<\/p>\n","protected":false},"author":35,"featured_media":31300,"comment_status":"open","ping_status":"open","sticky":false,"template":"","format":"standard","meta":{"_monsterinsights_skip_tracking":false,"_monsterinsights_sitenote_active":false,"_monsterinsights_sitenote_note":"","_monsterinsights_sitenote_category":0,"footnotes":""},"categories":[576],"tags":[20826,7253,22331],"class_list":["post-126142","post","type-post","status-publish","format-standard","has-post-thumbnail","hentry","category-ocio","tag-dislexia","tag-kim-kardashian","tag-north-west","wp-image-borders"],"amp_enabled":true,"_links":{"self":[{"href":"https:\/\/nvnoticias.mx\/index.php\/wp-json\/wp\/v2\/posts\/126142","targetHints":{"allow":["GET"]}}],"collection":[{"href":"https:\/\/nvnoticias.mx\/index.php\/wp-json\/wp\/v2\/posts"}],"about":[{"href":"https:\/\/nvnoticias.mx\/index.php\/wp-json\/wp\/v2\/types\/post"}],"author":[{"embeddable":true,"href":"https:\/\/nvnoticias.mx\/index.php\/wp-json\/wp\/v2\/users\/35"}],"replies":[{"embeddable":true,"href":"https:\/\/nvnoticias.mx\/index.php\/wp-json\/wp\/v2\/comments?post=126142"}],"version-history":[{"count":3,"href":"https:\/\/nvnoticias.mx\/index.php\/wp-json\/wp\/v2\/posts\/126142\/revisions"}],"predecessor-version":[{"id":126145,"href":"https:\/\/nvnoticias.mx\/index.php\/wp-json\/wp\/v2\/posts\/126142\/revisions\/126145"}],"wp:featuredmedia":[{"embeddable":true,"href":"https:\/\/nvnoticias.mx\/index.php\/wp-json\/wp\/v2\/media\/31300"}],"wp:attachment":[{"href":"https:\/\/nvnoticias.mx\/index.php\/wp-json\/wp\/v2\/media?parent=126142"}],"wp:term":[{"taxonomy":"category","embeddable":true,"href":"https:\/\/nvnoticias.mx\/index.php\/wp-json\/wp\/v2\/categories?post=126142"},{"taxonomy":"post_tag","embeddable":true,"href":"https:\/\/nvnoticias.mx\/index.php\/wp-json\/wp\/v2\/tags?post=126142"}],"curies":[{"name":"wp","href":"https:\/\/api.w.org\/{rel}","templated":true}]}}