{"id":12591,"date":"2021-05-06T12:55:40","date_gmt":"2021-05-06T17:55:40","guid":{"rendered":"https:\/\/nvnoticias.mx\/?p=12591"},"modified":"2021-05-06T12:55:42","modified_gmt":"2021-05-06T17:55:42","slug":"instituto-del-cafe-en-veracruz-sera-insuficiente-para-atender-problematica-advierten","status":"publish","type":"post","link":"https:\/\/nvnoticias.mx\/index.php\/2021\/05\/06\/instituto-del-cafe-en-veracruz-sera-insuficiente-para-atender-problematica-advierten\/","title":{"rendered":"Instituto del Caf\u00e9 en Veracruz ser\u00e1 insuficiente para atender problem\u00e1tica, advierten"},"content":{"rendered":"\n<p><strong>Sam Ojeda \/ NV Noticias <\/strong><\/p>\n\n\n\n<p>Xalapa.- La constituci\u00f3n de un Instituto del Caf\u00e9 en el estado de Veracruz resultar\u00e1 insuficiente para atender a todos los productores en el pa\u00eds, consider\u00f3 el presidente del Consejo Regional del Caf\u00e9 de Coatepec, Cirio Ruiz Gonz\u00e1lez.<\/p>\n\n\n\n<blockquote class=\"wp-block-quote is-layout-flow wp-block-quote-is-layout-flow\"><p><em>\u201cNo nos conviene, tiene que ser nacional, no se ha hecho, est\u00e1 en el tintero y tiene que haber una ley y un organismo porque se enredan en discusiones legislativas, (\u2026) No hay un control, ni voluntad de Sader para que nos digan a diaria c\u00f3mo van las cosechas, como va el clima, como va el calentamiento global, las ventas y los precios y es algo b\u00e1sico que debemos tener en las regiones\u201d.<\/em><\/p><\/blockquote>\n\n\n\n<p>Observ\u00f3 la necesidad de que exista un decreto para dar pie a un nuevo organismo ordenador del caf\u00e9, con nuevas pol\u00edticas p\u00fablicas para regular todo el sector cafetalero.<\/p>\n\n\n\n<blockquote class=\"wp-block-quote is-layout-flow wp-block-quote-is-layout-flow\"><p><em>\u201cEs importante darle seguimiento a esto porque es un problema social, econ\u00f3mico, pol\u00edtico, de pol\u00edticas p\u00fablicas\u201d<\/em><\/p><\/blockquote>\n\n\n\n<p>Dijo que esto implicar\u00eda revisar las importaciones, ventas y calidad del arom\u00e1tico, dado que un 85 por ciento de este cultivo \u201cingresa\u201d por Veracruz.<\/p>\n\n\n\n<p>Recalc\u00f3 que la Nestl\u00e9 busca desbancar la producci\u00f3n de Ar\u00e1biga por medio del cultivo de Robusta, base de los caf\u00e9s instant\u00e1neos y solubles, y con esto, se afecta a los caficultores y los servicios ambientales asociados a estos.<\/p>\n\n\n\n<blockquote class=\"wp-block-quote is-layout-flow wp-block-quote-is-layout-flow\"><p><em>\u201cEs una pelea cultural y social contra la econ\u00f3mica Transnacional\u201d<\/em> abund\u00f3.<\/p><\/blockquote>\n","protected":false},"excerpt":{"rendered":"<p>Sam Ojeda \/ NV Noticias Xalapa.- La constituci\u00f3n de un Instituto del Caf\u00e9 en el estado de Veracruz resultar\u00e1 insuficiente para atender a todos los productores en el pa\u00eds, consider\u00f3 el presidente del Consejo Regional del Caf\u00e9 de Coatepec, Cirio Ruiz Gonz\u00e1lez. \u201cNo nos conviene, tiene que ser nacional, no se ha hecho, est\u00e1 en [&hellip;]<\/p>\n","protected":false},"author":6,"featured_media":12592,"comment_status":"open","ping_status":"open","sticky":false,"template":"","format":"standard","meta":{"_monsterinsights_skip_tracking":false,"_monsterinsights_sitenote_active":false,"_monsterinsights_sitenote_note":"","_monsterinsights_sitenote_category":0,"footnotes":""},"categories":[156],"tags":[3463,3464,180],"class_list":["post-12591","post","type-post","status-publish","format-standard","has-post-thumbnail","hentry","category-estado","tag-instituto-del-cafe","tag-problematica","tag-veracruz","wp-image-borders"],"amp_enabled":true,"_links":{"self":[{"href":"https:\/\/nvnoticias.mx\/index.php\/wp-json\/wp\/v2\/posts\/12591","targetHints":{"allow":["GET"]}}],"collection":[{"href":"https:\/\/nvnoticias.mx\/index.php\/wp-json\/wp\/v2\/posts"}],"about":[{"href":"https:\/\/nvnoticias.mx\/index.php\/wp-json\/wp\/v2\/types\/post"}],"author":[{"embeddable":true,"href":"https:\/\/nvnoticias.mx\/index.php\/wp-json\/wp\/v2\/users\/6"}],"replies":[{"embeddable":true,"href":"https:\/\/nvnoticias.mx\/index.php\/wp-json\/wp\/v2\/comments?post=12591"}],"version-history":[{"count":1,"href":"https:\/\/nvnoticias.mx\/index.php\/wp-json\/wp\/v2\/posts\/12591\/revisions"}],"predecessor-version":[{"id":12593,"href":"https:\/\/nvnoticias.mx\/index.php\/wp-json\/wp\/v2\/posts\/12591\/revisions\/12593"}],"wp:featuredmedia":[{"embeddable":true,"href":"https:\/\/nvnoticias.mx\/index.php\/wp-json\/wp\/v2\/media\/12592"}],"wp:attachment":[{"href":"https:\/\/nvnoticias.mx\/index.php\/wp-json\/wp\/v2\/media?parent=12591"}],"wp:term":[{"taxonomy":"category","embeddable":true,"href":"https:\/\/nvnoticias.mx\/index.php\/wp-json\/wp\/v2\/categories?post=12591"},{"taxonomy":"post_tag","embeddable":true,"href":"https:\/\/nvnoticias.mx\/index.php\/wp-json\/wp\/v2\/tags?post=12591"}],"curies":[{"name":"wp","href":"https:\/\/api.w.org\/{rel}","templated":true}]}}