{"id":12588,"date":"2021-05-06T12:45:49","date_gmt":"2021-05-06T17:45:49","guid":{"rendered":"https:\/\/nvnoticias.mx\/?p=12588"},"modified":"2021-05-06T12:45:50","modified_gmt":"2021-05-06T17:45:50","slug":"comenzo-en-boca-del-rio-la-aplicacion-de-la-vacuna-para-personas-de-50-a-59-anos-de-edad","status":"publish","type":"post","link":"https:\/\/nvnoticias.mx\/index.php\/2021\/05\/06\/comenzo-en-boca-del-rio-la-aplicacion-de-la-vacuna-para-personas-de-50-a-59-anos-de-edad\/","title":{"rendered":"Comenz\u00f3 en Boca del R\u00edo la aplicaci\u00f3n de la vacuna para personas de 50 a 59 a\u00f1os de edad"},"content":{"rendered":"\n<p><strong>Jes\u00fas Utrilla \/ NV Noticias<\/strong> <\/p>\n\n\n\n<p>Inici\u00f3 en Boca del R\u00edo la aplicaci\u00f3n de la vacuna contra el coronavirus para personas de 50 a 59 a\u00f1os de edad.&nbsp;<\/p>\n\n\n\n<p>El delegado federal Manuel Huerta Ladr\u00f3n de Guevara, inform\u00f3 que la meta es inyectar a 15 mil boque\u00f1os.&nbsp;<\/p>\n\n\n\n<p>Un requisito para vacunar a personas de 50 a 59 a\u00f1os de edad, es que el municipio haya concluido la inmunizaci\u00f3n de mayores de 60 a\u00f1os.Algunos que no cumplen con dicha caracter\u00edstica son Medell\u00edn y Tuxpan.&nbsp;<\/p>\n\n\n\n<blockquote class=\"wp-block-quote is-layout-flow wp-block-quote-is-layout-flow\"><p><em>\u201cAhorita es momento de agarrar vuelo para poderlos tener en sinton\u00eda con la pr\u00f3xima vacunaci\u00f3n. Ahorita estamos en Poza Rica, Xalapa y Boca del R\u00edo. Aqu\u00ed va a vacunarse todav\u00eda el 10 de mayo. Es un buen regalo para mam\u00e1 pero vengan de una vez\u201d.\u00a0<\/em><\/p><\/blockquote>\n\n\n\n<p>A nivel nacional se lleg\u00f3 a 20 millones de vacunados, incluso el mi\u00e9rcoles se inyect\u00f3 a 604 mil en todo el pa\u00eds y Veracruz, en los municipios de C\u00f3rdoba y Orizaba, vacun\u00f3 a 7 mil 800 y 8 mil 200 respectivamente, con la segunda dosis.&nbsp;&nbsp;<\/p>\n\n\n\n<p>El delegado asegur\u00f3 que se avanza con las aplicaciones en segunda fase y pronto se concluir\u00e1 dicho ciclo.<\/p>\n","protected":false},"excerpt":{"rendered":"<p>Jes\u00fas Utrilla \/ NV Noticias Inici\u00f3 en Boca del R\u00edo la aplicaci\u00f3n de la vacuna contra el coronavirus para personas de 50 a 59 a\u00f1os de edad.&nbsp; El delegado federal Manuel Huerta Ladr\u00f3n de Guevara, inform\u00f3 que la meta es inyectar a 15 mil boque\u00f1os.&nbsp; Un requisito para vacunar a personas de 50 a 59 [&hellip;]<\/p>\n","protected":false},"author":6,"featured_media":12589,"comment_status":"open","ping_status":"open","sticky":false,"template":"","format":"standard","meta":{"_monsterinsights_skip_tracking":false,"_monsterinsights_sitenote_active":false,"_monsterinsights_sitenote_note":"","_monsterinsights_sitenote_category":0,"footnotes":""},"categories":[154],"tags":[2019,423,3462,162,2393],"class_list":["post-12588","post","type-post","status-publish","format-standard","has-post-thumbnail","hentry","category-veracruz","tag-aplicacion","tag-boca-del-rio","tag-personas-50-anos","tag-portada","tag-vacuna-covid-19","wp-image-borders"],"amp_enabled":true,"_links":{"self":[{"href":"https:\/\/nvnoticias.mx\/index.php\/wp-json\/wp\/v2\/posts\/12588","targetHints":{"allow":["GET"]}}],"collection":[{"href":"https:\/\/nvnoticias.mx\/index.php\/wp-json\/wp\/v2\/posts"}],"about":[{"href":"https:\/\/nvnoticias.mx\/index.php\/wp-json\/wp\/v2\/types\/post"}],"author":[{"embeddable":true,"href":"https:\/\/nvnoticias.mx\/index.php\/wp-json\/wp\/v2\/users\/6"}],"replies":[{"embeddable":true,"href":"https:\/\/nvnoticias.mx\/index.php\/wp-json\/wp\/v2\/comments?post=12588"}],"version-history":[{"count":1,"href":"https:\/\/nvnoticias.mx\/index.php\/wp-json\/wp\/v2\/posts\/12588\/revisions"}],"predecessor-version":[{"id":12590,"href":"https:\/\/nvnoticias.mx\/index.php\/wp-json\/wp\/v2\/posts\/12588\/revisions\/12590"}],"wp:featuredmedia":[{"embeddable":true,"href":"https:\/\/nvnoticias.mx\/index.php\/wp-json\/wp\/v2\/media\/12589"}],"wp:attachment":[{"href":"https:\/\/nvnoticias.mx\/index.php\/wp-json\/wp\/v2\/media?parent=12588"}],"wp:term":[{"taxonomy":"category","embeddable":true,"href":"https:\/\/nvnoticias.mx\/index.php\/wp-json\/wp\/v2\/categories?post=12588"},{"taxonomy":"post_tag","embeddable":true,"href":"https:\/\/nvnoticias.mx\/index.php\/wp-json\/wp\/v2\/tags?post=12588"}],"curies":[{"name":"wp","href":"https:\/\/api.w.org\/{rel}","templated":true}]}}