{"id":125843,"date":"2023-10-20T17:12:59","date_gmt":"2023-10-20T22:12:59","guid":{"rendered":"https:\/\/nvnoticias.mx\/?p=125843"},"modified":"2023-10-20T17:13:00","modified_gmt":"2023-10-20T22:13:00","slug":"habla-meryl-streep-del-don-de-la-empatia-tras-recibir-el-premio-princesa-de-asturias","status":"publish","type":"post","link":"https:\/\/nvnoticias.mx\/index.php\/2023\/10\/20\/habla-meryl-streep-del-don-de-la-empatia-tras-recibir-el-premio-princesa-de-asturias\/","title":{"rendered":"Habla Meryl Streep del don de la empat\u00eda tras recibir el Premio Princesa de Asturias"},"content":{"rendered":"\n<p>La actriz estadounidense <strong>Meryl Streep<\/strong> recibi\u00f3 este viernes de manos de la <strong>princesa Leonor de Espa\u00f1a<\/strong> la insignia como galardonada con el <strong>Premio Princesa de Asturias de las Artes<\/strong>, en un acto previo a la entrega de los galardones en el Teatro Campoamor de la ciudad espa\u00f1ola de Oviedo (norte).<\/p>\n\n\n\n<p>Junto a Streep, la heredera al trono de Espa\u00f1a entreg\u00f3 la insignia al resto de los premiados, entre los que destacan el escritor japon\u00e9s <strong>Haruki Murakami<\/strong> o el atleta keniano Eliud Kipchoge.<\/p>\n\n\n\n<p>Los galardonados, junto a sus acompa\u00f1antes, desfilaron ante la familia real &#8211; los reyes de Espa\u00f1a, <strong>Felipe VI<\/strong> y <strong>Letizia<\/strong>, y la infanta Sof\u00eda, adem\u00e1s de su hermana Leonor.<\/p>\n\n\n\n<p>Meryl Streep recogi\u00f3 la distinci\u00f3n acompa\u00f1ada de su hermano.<\/p>\n\n\n\n<p>La actriz estadounidense reivindic\u00f3 este viernes el &#8220;don de la empat\u00eda&#8221; como forma de &#8220;acercamiento y diplomacia&#8221; en un mundo &#8220;cada vez m\u00e1s hostil y vol\u00e1til&#8221; y la relevancia de que la sociedad haga suya la regla que ense\u00f1an a todos los int\u00e9rpretes: &#8220;Lo importante es escuchar&#8221;.<\/p>\n\n\n\n<p>As\u00ed lo afirm\u00f3 durante la ceremonia de entrega de los Premios, que Streep recibi\u00f3 en la categor\u00eda de las Artes por su &#8220;honestidad y responsabilidad&#8221; a la hora de elegir sus trabajos &#8220;al servicio de narrativas inspiradoras y ejemplarizantes&#8221;.<\/p>\n\n\n\n<blockquote class=\"wp-block-quote is-layout-flow wp-block-quote-is-layout-flow\"><p>&#8220;El don de la empat\u00eda es algo que todos compartimos. La misteriosa capacidad de sentarnos juntos, extra\u00f1os en un teatro o cine a oscuras, y experimentar los sentimientos de personas que no se parecen a nosotros ni suenan como nosotros, es una capacidad que todos deber\u00edamos llevar dentro de nosotros al volver a la luz del d\u00eda&#8221;, asegur\u00f3 la actriz.<\/p><\/blockquote>\n\n\n\n<p>Fuente:<a href=\"https:\/\/www.eluniversal.com.mx\/espectaculos\/meryl-streep-habla-del-don-de-la-empatia-tras-recibir-el-premio-princesa-de-asturias\/\" data-type=\"URL\" data-id=\"https:\/\/www.eluniversal.com.mx\/espectaculos\/meryl-streep-habla-del-don-de-la-empatia-tras-recibir-el-premio-princesa-de-asturias\/\"> El Universal<\/a><\/p>\n","protected":false},"excerpt":{"rendered":"<p>La actriz estadounidense Meryl Streep recibi\u00f3 este viernes de manos de la princesa Leonor de Espa\u00f1a la insignia como galardonada con el Premio Princesa de Asturias de las Artes, en un acto previo a la entrega de los galardones en el Teatro Campoamor de la ciudad espa\u00f1ola de Oviedo (norte). Junto a Streep, la heredera [&hellip;]<\/p>\n","protected":false},"author":35,"featured_media":104576,"comment_status":"open","ping_status":"open","sticky":false,"template":"","format":"standard","meta":{"_monsterinsights_skip_tracking":false,"_monsterinsights_sitenote_active":false,"_monsterinsights_sitenote_note":"","_monsterinsights_sitenote_category":0,"footnotes":""},"categories":[576],"tags":[27911,22614,24439],"class_list":["post-125843","post","type-post","status-publish","format-standard","has-post-thumbnail","hentry","category-ocio","tag-don-de-la-empatia","tag-meryl-streep","tag-premio-princesa-de-asturias","wp-image-borders"],"amp_enabled":true,"_links":{"self":[{"href":"https:\/\/nvnoticias.mx\/index.php\/wp-json\/wp\/v2\/posts\/125843","targetHints":{"allow":["GET"]}}],"collection":[{"href":"https:\/\/nvnoticias.mx\/index.php\/wp-json\/wp\/v2\/posts"}],"about":[{"href":"https:\/\/nvnoticias.mx\/index.php\/wp-json\/wp\/v2\/types\/post"}],"author":[{"embeddable":true,"href":"https:\/\/nvnoticias.mx\/index.php\/wp-json\/wp\/v2\/users\/35"}],"replies":[{"embeddable":true,"href":"https:\/\/nvnoticias.mx\/index.php\/wp-json\/wp\/v2\/comments?post=125843"}],"version-history":[{"count":1,"href":"https:\/\/nvnoticias.mx\/index.php\/wp-json\/wp\/v2\/posts\/125843\/revisions"}],"predecessor-version":[{"id":125844,"href":"https:\/\/nvnoticias.mx\/index.php\/wp-json\/wp\/v2\/posts\/125843\/revisions\/125844"}],"wp:featuredmedia":[{"embeddable":true,"href":"https:\/\/nvnoticias.mx\/index.php\/wp-json\/wp\/v2\/media\/104576"}],"wp:attachment":[{"href":"https:\/\/nvnoticias.mx\/index.php\/wp-json\/wp\/v2\/media?parent=125843"}],"wp:term":[{"taxonomy":"category","embeddable":true,"href":"https:\/\/nvnoticias.mx\/index.php\/wp-json\/wp\/v2\/categories?post=125843"},{"taxonomy":"post_tag","embeddable":true,"href":"https:\/\/nvnoticias.mx\/index.php\/wp-json\/wp\/v2\/tags?post=125843"}],"curies":[{"name":"wp","href":"https:\/\/api.w.org\/{rel}","templated":true}]}}