{"id":125815,"date":"2023-10-20T14:21:22","date_gmt":"2023-10-20T19:21:22","guid":{"rendered":"https:\/\/nvnoticias.mx\/?p=125815"},"modified":"2023-10-20T14:21:23","modified_gmt":"2023-10-20T19:21:23","slug":"zenyazen-escobar-se-compromete-a-trabajar-por-los-habitantes-de-la-ciudad-de-veracruz","status":"publish","type":"post","link":"https:\/\/nvnoticias.mx\/index.php\/2023\/10\/20\/zenyazen-escobar-se-compromete-a-trabajar-por-los-habitantes-de-la-ciudad-de-veracruz\/","title":{"rendered":"Zenyazen Escobar se compromete a trabajar por los habitantes de la ciudad de Veracruz"},"content":{"rendered":"\n<p><strong>Jes\u00fas Utrilla \/ NV Noticias<\/strong><\/p>\n\n\n\n<p>Zenyazen Escobar Garc\u00eda, exsecretario de Educaci\u00f3n en Veracruz, visit\u00f3\u00a0la colonia Villa Rica de la Ciudad de Veracruz para dialogar\u00a0con la comunidad y escuchar sus inquietudes. Durante su visita, reafirm\u00f3 su compromiso de seguir abogando por la transformaci\u00f3n desde cualquier puesto en el que se encuentre.<\/p>\n\n\n\n<p>Reconoci\u00f3 el impacto positivo de los programas sociales en los \u00faltimos a\u00f1os, destacando c\u00f3mo han mejorado las condiciones de vida, especialmente para los sectores m\u00e1s vulnerables. Su presencia en la colonia fue parte de su esfuerzo por ganar la encuesta que definir\u00e1 la Coordinaci\u00f3n del Comit\u00e9 de la Cuarta Transformaci\u00f3n en Veracruz.<\/p>\n\n\n\n<blockquote class=\"wp-block-quote is-layout-flow wp-block-quote-is-layout-flow\"><p>&#8220;<em>Hoy estamos en el Puerto de Veracruz, ya estuvimos en Perote y otros lugares. Estamos aqu\u00ed para escuchar a la gente y entender sus problem\u00e1ticas. La realidad es diferente a lo que era hace siete a\u00f1os cuando fui diputado. Vemos los beneficios de los programas y me llena de satisfacci\u00f3n ser parte de la Cuarta Transformaci\u00f3n<\/em>&#8220;.<\/p><\/blockquote>\n\n\n\n<p>Antes de unirse a Morena, record\u00f3 que era un activista social y particip\u00f3 activamente en la lucha contra la reforma educativa. Su decisi\u00f3n de militar en Morena se bas\u00f3 en la apertura del partido, permitiendo la inclusi\u00f3n de diversas voces y perfiles comprometidos con el cambio en el pa\u00eds.<\/p>\n\n\n\n<blockquote class=\"wp-block-quote is-layout-flow wp-block-quote-is-layout-flow\"><p>&#8220;<em>Estaremos en P\u00e1nuco, Tantoyuca, Poza Rica, Tuxpan, Alvarado, Medell\u00edn y recorreremos todo el estado de Veracruz. Soy uno de los fundadores del partido en Veracruz. Me un\u00ed cuando vi la oportunidad para que todos, ya sean maestros, abogados o cualquier persona comprometida, pudieran contribuir al cambio en nuestro pa\u00eds<\/em>&#8220;.<\/p><\/blockquote>\n\n\n\n<p>Reiter\u00f3 su firme determinaci\u00f3n de seguir trabajando en favor de los veracruzanos para la mejora y el progreso de la comunidad.<\/p>\n","protected":false},"excerpt":{"rendered":"<p>Jes\u00fas Utrilla \/ NV Noticias Zenyazen Escobar Garc\u00eda, exsecretario de Educaci\u00f3n en Veracruz, visit\u00f3\u00a0la colonia Villa Rica de la Ciudad de Veracruz para dialogar\u00a0con la comunidad y escuchar sus inquietudes. Durante su visita, reafirm\u00f3 su compromiso de seguir abogando por la transformaci\u00f3n desde cualquier puesto en el que se encuentre. Reconoci\u00f3 el impacto positivo de [&hellip;]<\/p>\n","protected":false},"author":8,"featured_media":125817,"comment_status":"open","ping_status":"open","sticky":false,"template":"","format":"standard","meta":{"_monsterinsights_skip_tracking":false,"_monsterinsights_sitenote_active":false,"_monsterinsights_sitenote_note":"","_monsterinsights_sitenote_category":0,"footnotes":""},"categories":[154],"tags":[2991],"class_list":["post-125815","post","type-post","status-publish","format-standard","has-post-thumbnail","hentry","category-veracruz","tag-zenyazen-escobar-garcia","wp-image-borders"],"amp_enabled":true,"_links":{"self":[{"href":"https:\/\/nvnoticias.mx\/index.php\/wp-json\/wp\/v2\/posts\/125815","targetHints":{"allow":["GET"]}}],"collection":[{"href":"https:\/\/nvnoticias.mx\/index.php\/wp-json\/wp\/v2\/posts"}],"about":[{"href":"https:\/\/nvnoticias.mx\/index.php\/wp-json\/wp\/v2\/types\/post"}],"author":[{"embeddable":true,"href":"https:\/\/nvnoticias.mx\/index.php\/wp-json\/wp\/v2\/users\/8"}],"replies":[{"embeddable":true,"href":"https:\/\/nvnoticias.mx\/index.php\/wp-json\/wp\/v2\/comments?post=125815"}],"version-history":[{"count":1,"href":"https:\/\/nvnoticias.mx\/index.php\/wp-json\/wp\/v2\/posts\/125815\/revisions"}],"predecessor-version":[{"id":125818,"href":"https:\/\/nvnoticias.mx\/index.php\/wp-json\/wp\/v2\/posts\/125815\/revisions\/125818"}],"wp:featuredmedia":[{"embeddable":true,"href":"https:\/\/nvnoticias.mx\/index.php\/wp-json\/wp\/v2\/media\/125817"}],"wp:attachment":[{"href":"https:\/\/nvnoticias.mx\/index.php\/wp-json\/wp\/v2\/media?parent=125815"}],"wp:term":[{"taxonomy":"category","embeddable":true,"href":"https:\/\/nvnoticias.mx\/index.php\/wp-json\/wp\/v2\/categories?post=125815"},{"taxonomy":"post_tag","embeddable":true,"href":"https:\/\/nvnoticias.mx\/index.php\/wp-json\/wp\/v2\/tags?post=125815"}],"curies":[{"name":"wp","href":"https:\/\/api.w.org\/{rel}","templated":true}]}}