{"id":125793,"date":"2023-10-20T13:33:08","date_gmt":"2023-10-20T18:33:08","guid":{"rendered":"https:\/\/nvnoticias.mx\/?p=125793"},"modified":"2023-10-20T13:33:11","modified_gmt":"2023-10-20T18:33:11","slug":"inaceptable-que-biden-llamara-tirano-a-putin-kremlin","status":"publish","type":"post","link":"https:\/\/nvnoticias.mx\/index.php\/2023\/10\/20\/inaceptable-que-biden-llamara-tirano-a-putin-kremlin\/","title":{"rendered":"&#8220;Inaceptable&#8221; que Biden llamara &#8220;tirano&#8221; a Putin: Kremlin"},"content":{"rendered":"\n<p>El <strong>Kremlin <\/strong>arremeti\u00f3 este viernes contra un discurso pronunciado la v\u00edspera por el presidente estadounidense <strong>Joe Biden <\/strong>en el que calific\u00f3 de &#8220;<strong>tirano<\/strong>&#8221; a su hom\u00f3logo ruso, <strong>Vladimir Putin<\/strong>, y equipar\u00f3 a Mosc\u00fa con el movimiento palestino <strong>Hamas<\/strong>.<\/p>\n\n\n\n<blockquote class=\"wp-block-quote is-layout-flow wp-block-quote-is-layout-flow\"><p>&#8220;Para nosotros es inaceptable (&#8230;) No consentimos un tono semejante con la Federaci\u00f3n Rusa ni con nuestro presidente&#8221;, dijo a la prensa el portavoz del Kremlin, <strong>Dmitri Peskov<\/strong>.<\/p><\/blockquote>\n\n\n\n<p>En un discurso desde el Despacho Oval de la Casa Blanca el jueves, Biden prometi\u00f3 que su pa\u00eds <strong>seguir\u00e1 apoyando a Israel y Ucrania<\/strong> ante Hamas y Rusia respectivamente, que pretenden, seg\u00fan dijo, &#8220;aniquilar por completo una democracia vecina&#8221;.<\/p>\n\n\n\n<p>El dirigente dem\u00f3crata a\u00f1adi\u00f3 que &#8220;<strong>no podemos ni permitiremos que ganen terroristas como Hamas y tiranos como Putin<\/strong>&#8220;. &#8220;Me niego a permitir que eso suceda&#8221;, agreg\u00f3.<\/p>\n\n\n\n<p>En una conversaci\u00f3n con la prensa este viernes, Peskov enfatiz\u00f3 que esta ret\u00f3rica &#8220;dif\u00edcilmente corresponde a unos l\u00edderes responsables, y dif\u00edcilmente puede ser aceptable para nosotros&#8221;.<\/p>\n\n\n\n<p>Seg\u00fan a\u00f1adi\u00f3, los esfuerzos de Estados Unidos por &#8220;contener&#8221; a Rusia fracasar\u00e1n.<\/p>\n\n\n\n<p>Fuente: <a href=\"https:\/\/www.eluniversal.com.mx\/mundo\/inaceptable-que-biden-llamara-tirano-a-putin-considera-el-kremlin\/\" data-type=\"URL\" data-id=\"https:\/\/www.eluniversal.com.mx\/mundo\/inaceptable-que-biden-llamara-tirano-a-putin-considera-el-kremlin\/\">El Universal<\/a><\/p>\n","protected":false},"excerpt":{"rendered":"<p>El Kremlin arremeti\u00f3 este viernes contra un discurso pronunciado la v\u00edspera por el presidente estadounidense Joe Biden en el que calific\u00f3 de &#8220;tirano&#8221; a su hom\u00f3logo ruso, Vladimir Putin, y equipar\u00f3 a Mosc\u00fa con el movimiento palestino Hamas. &#8220;Para nosotros es inaceptable (&#8230;) No consentimos un tono semejante con la Federaci\u00f3n Rusa ni con nuestro [&hellip;]<\/p>\n","protected":false},"author":35,"featured_media":16172,"comment_status":"open","ping_status":"open","sticky":false,"template":"","format":"standard","meta":{"_monsterinsights_skip_tracking":false,"_monsterinsights_sitenote_active":false,"_monsterinsights_sitenote_note":"","_monsterinsights_sitenote_category":0,"footnotes":""},"categories":[181],"tags":[182,2846,703],"class_list":["post-125793","post","type-post","status-publish","format-standard","has-post-thumbnail","hentry","category-internacional","tag-joe-biden","tag-kremlin","tag-vladimir-putin","wp-image-borders"],"amp_enabled":true,"_links":{"self":[{"href":"https:\/\/nvnoticias.mx\/index.php\/wp-json\/wp\/v2\/posts\/125793","targetHints":{"allow":["GET"]}}],"collection":[{"href":"https:\/\/nvnoticias.mx\/index.php\/wp-json\/wp\/v2\/posts"}],"about":[{"href":"https:\/\/nvnoticias.mx\/index.php\/wp-json\/wp\/v2\/types\/post"}],"author":[{"embeddable":true,"href":"https:\/\/nvnoticias.mx\/index.php\/wp-json\/wp\/v2\/users\/35"}],"replies":[{"embeddable":true,"href":"https:\/\/nvnoticias.mx\/index.php\/wp-json\/wp\/v2\/comments?post=125793"}],"version-history":[{"count":2,"href":"https:\/\/nvnoticias.mx\/index.php\/wp-json\/wp\/v2\/posts\/125793\/revisions"}],"predecessor-version":[{"id":125795,"href":"https:\/\/nvnoticias.mx\/index.php\/wp-json\/wp\/v2\/posts\/125793\/revisions\/125795"}],"wp:featuredmedia":[{"embeddable":true,"href":"https:\/\/nvnoticias.mx\/index.php\/wp-json\/wp\/v2\/media\/16172"}],"wp:attachment":[{"href":"https:\/\/nvnoticias.mx\/index.php\/wp-json\/wp\/v2\/media?parent=125793"}],"wp:term":[{"taxonomy":"category","embeddable":true,"href":"https:\/\/nvnoticias.mx\/index.php\/wp-json\/wp\/v2\/categories?post=125793"},{"taxonomy":"post_tag","embeddable":true,"href":"https:\/\/nvnoticias.mx\/index.php\/wp-json\/wp\/v2\/tags?post=125793"}],"curies":[{"name":"wp","href":"https:\/\/api.w.org\/{rel}","templated":true}]}}