{"id":125708,"date":"2023-10-19T20:27:54","date_gmt":"2023-10-20T01:27:54","guid":{"rendered":"https:\/\/nvnoticias.mx\/?p=125708"},"modified":"2023-10-19T20:27:54","modified_gmt":"2023-10-20T01:27:54","slug":"el-mexicano","status":"publish","type":"post","link":"https:\/\/nvnoticias.mx\/index.php\/2023\/10\/19\/el-mexicano\/","title":{"rendered":"El mexicano"},"content":{"rendered":"\n<p><strong>Juan Jos\u00e9 Rodr\u00edguez Prats<\/strong><\/p>\n\n\n\n<blockquote class=\"wp-block-quote is-layout-flow wp-block-quote-is-layout-flow\"><p><em>M\u00e9xico se desmejicaniza.<\/em><\/p><p><em>Con su pan se lo coma.<\/em><\/p><cite><strong>Salvador Novo<\/strong><\/cite><\/blockquote>\n\n\n\n<p>Hace casi 500 a\u00f1os debatieron fray Bartolom\u00e9 de las Casas y Juan Gin\u00e9s de Sep\u00falveda sobre c\u00f3mo concebir la conquista de Am\u00e9rica. El primero, reconocido como \u201cEl procurador de los indios\u201d, congruente con su libro&nbsp;<em>Del \u00fanico modo de atraer a todos los pueblos a la religi\u00f3n verdadera<\/em>, consideraba al ind\u00edgena un ser con racionalidad y dignidad. El segundo defend\u00eda los derechos y la conveniencia del dominio de los espa\u00f1oles sobre los ind\u00edgenas.<\/p>\n\n\n\n<p>La percepci\u00f3n es que el humanista y obispo de Chiapas gan\u00f3 la contienda que defini\u00f3 los principios de las Leyes de Indias. Sin embargo, en su aplicaci\u00f3n se incurri\u00f3 en graves omisiones. Inici\u00f3 una nefasta tradici\u00f3n al expresar los responsables de su aplicaci\u00f3n: \u201cSe observa, pero no se cumple\u201d.<\/p>\n\n\n\n<p>No dudo en considerar al fraile dominicano como el pionero en el estudio del mexicano, que se ha prolongado hasta nuestros d\u00edas.<\/p>\n\n\n\n<p>Francisco Javier Clavijero, expulsado de la Nueva Espa\u00f1a con sus hermanos jesuitas, escribe desde el exilio&nbsp;<em>La historia antigua de M\u00e9xico<\/em>. En su dedicatoria a la universidad se lee: \u201cA la patria mexicana\u201d. Me parece que, con anticipaci\u00f3n a la Independencia, se da el primer reclamo de nuestra identidad. Desde entonces se viene estudiando a nuestro pueblo con gran fervor. Nuestros m\u00e1s preclaros intelectuales algo han aportado en esta materia.<\/p>\n\n\n\n<p>En el balance de nuestra personalidad y cultura, salimos con un notable d\u00e9ficit. En contraste con el inicio, se nos ha calificado con una serie de carencias y falencias para concluir con un diagn\u00f3stico, para decirlo eufem\u00edsticamente, de personas con escasas aptitudes para ser buenos ciudadanos.<\/p>\n\n\n\n<p>Nuestra clase pol\u00edtica contribuy\u00f3 a\u00fan m\u00e1s a fortalecer esta idiosincrasia. Por ejemplo, al entregar la tierra como consecuencia de la reforma agraria, la sac\u00f3 del mercado y se la entreg\u00f3 a los peticionarios, con la limitante (como lo propon\u00edan en Roma los hermanos Graco en el siglo II a.C.) de no poder venderla. Se aplic\u00f3 una especie de\u00a0<em>capitis diminutio<\/em>. El problema mayor del campo, hoy, es la incertidumbre jur\u00eddica en la tenencia de la llamada propiedad social, que abarca la mitad del territorio nacional.<\/p>\n\n\n\n<p>En nuestro derecho hay muchos casos en que a los sujetos activos y pasivos de la relaci\u00f3n jur\u00eddica se les considera como menores de edad. El titular del Ejecutivo se ha referido a sus partidarios como \u201cmascotas\u201d, o, pretendiendo halagar a los pobres que, gracias a los programas sociales, son fieles en sus preferencias electorales.<\/p>\n\n\n\n<p>Creo que con la transici\u00f3n a la democracia (la cual considero mal lograda) y con el Tratado de Libre Comercio, ha habido un cambio radical. El mexicano ha dejado de ser lo que era. Habr\u00eda que actualizar los estudios elaborados, sobre todo los del siglo pasado. Ya hay algunos destellos a los que habr\u00e1 que darles continuidad.<\/p>\n\n\n\n<p>Hay avances y retrocesos. Infinidad de asuntos nos obligan a replantear la agenda nacional: el estallido de movimientos sociales que rebasan los cauces de la ley para canalizar demanda, lla penetraci\u00f3n del crimen organizado, la influencia de un mundo globalizado, las corrientes migratorias (en ambas vertientes: los que se van y los que llegan), la irreversible imbricaci\u00f3n econ\u00f3mica con Estados Unidos, que ha evidenciado la capacidad competitiva del mexicano y su enorme potencial; la degradaci\u00f3n pol\u00edtica, confirmada cotidianamente por la pobreza del debate y por su sobrecarga ideol\u00f3gica; el sectarismo y la intransigencia que repercuten en la autoestima y en los paradigmas de gobernantes&#8230;<\/p>\n\n\n\n<p>El tema es heterog\u00e9neo, diverso y complejo. Exige un enfoque multidisciplinario y una actitud \u00e9tica para hacer la cr\u00edtica y la autocr\u00edtica que nos haga retornar al di\u00e1logo y al acuerdo. Requerimos de una actualizada y renovada mexicanidad. Una cosa me parece sustancial, es insoslayable y demanda un proceso de adaptaci\u00f3n.<\/p>\n\n\n\n<p>Los tiempos que vendr\u00e1n en Norteam\u00e9rica, en nuestro pa\u00eds y en el mundo ser\u00e1n cruciales. Me gusta este t\u00e9rmino: se van a cruzar hechos e ideas. No habr\u00e1 espacio para la neutralidad.<\/p>\n","protected":false},"excerpt":{"rendered":"<p>Juan Jos\u00e9 Rodr\u00edguez Prats M\u00e9xico se desmejicaniza. Con su pan se lo coma. Salvador Novo Hace casi 500 a\u00f1os debatieron fray Bartolom\u00e9 de las Casas y Juan Gin\u00e9s de Sep\u00falveda sobre c\u00f3mo concebir la conquista de Am\u00e9rica. El primero, reconocido como \u201cEl procurador de los indios\u201d, congruente con su libro&nbsp;Del \u00fanico modo de atraer a [&hellip;]<\/p>\n","protected":false},"author":17,"featured_media":80309,"comment_status":"open","ping_status":"open","sticky":false,"template":"","format":"standard","meta":{"_monsterinsights_skip_tracking":false,"_monsterinsights_sitenote_active":false,"_monsterinsights_sitenote_note":"","_monsterinsights_sitenote_category":0,"footnotes":""},"categories":[614],"tags":[397],"class_list":["post-125708","post","type-post","status-publish","format-standard","has-post-thumbnail","hentry","category-politica-de-principios","tag-juan-jose-rodriguez-prats-2","wp-image-borders"],"amp_enabled":true,"_links":{"self":[{"href":"https:\/\/nvnoticias.mx\/index.php\/wp-json\/wp\/v2\/posts\/125708","targetHints":{"allow":["GET"]}}],"collection":[{"href":"https:\/\/nvnoticias.mx\/index.php\/wp-json\/wp\/v2\/posts"}],"about":[{"href":"https:\/\/nvnoticias.mx\/index.php\/wp-json\/wp\/v2\/types\/post"}],"author":[{"embeddable":true,"href":"https:\/\/nvnoticias.mx\/index.php\/wp-json\/wp\/v2\/users\/17"}],"replies":[{"embeddable":true,"href":"https:\/\/nvnoticias.mx\/index.php\/wp-json\/wp\/v2\/comments?post=125708"}],"version-history":[{"count":1,"href":"https:\/\/nvnoticias.mx\/index.php\/wp-json\/wp\/v2\/posts\/125708\/revisions"}],"predecessor-version":[{"id":125709,"href":"https:\/\/nvnoticias.mx\/index.php\/wp-json\/wp\/v2\/posts\/125708\/revisions\/125709"}],"wp:featuredmedia":[{"embeddable":true,"href":"https:\/\/nvnoticias.mx\/index.php\/wp-json\/wp\/v2\/media\/80309"}],"wp:attachment":[{"href":"https:\/\/nvnoticias.mx\/index.php\/wp-json\/wp\/v2\/media?parent=125708"}],"wp:term":[{"taxonomy":"category","embeddable":true,"href":"https:\/\/nvnoticias.mx\/index.php\/wp-json\/wp\/v2\/categories?post=125708"},{"taxonomy":"post_tag","embeddable":true,"href":"https:\/\/nvnoticias.mx\/index.php\/wp-json\/wp\/v2\/tags?post=125708"}],"curies":[{"name":"wp","href":"https:\/\/api.w.org\/{rel}","templated":true}]}}