{"id":125644,"date":"2023-10-19T13:02:03","date_gmt":"2023-10-19T18:02:03","guid":{"rendered":"https:\/\/nvnoticias.mx\/?p=125644"},"modified":"2023-10-19T13:02:04","modified_gmt":"2023-10-19T18:02:04","slug":"impugna-fgr-resolucion-que-dejo-sin-efecto-sentencia-de-mario-aburto","status":"publish","type":"post","link":"https:\/\/nvnoticias.mx\/index.php\/2023\/10\/19\/impugna-fgr-resolucion-que-dejo-sin-efecto-sentencia-de-mario-aburto\/","title":{"rendered":"Impugna FGR resoluci\u00f3n que dej\u00f3 sin efecto sentencia de Mario Aburto"},"content":{"rendered":"\n<p>Un Tribunal Federal turn\u00f3 a la Suprema Corte de Justicia de la Naci\u00f3n (SCJN) la impugnaci\u00f3n que interpuso la Fiscal\u00eda General de la Rep\u00fablica (FGR) contra la sentencia que ampar\u00f3 a Mario Aburto Mart\u00ednez y que dej\u00f3 sin efecto la condena de 45 a\u00f1os de prisi\u00f3n por el homicidio del candidato del PRI a la Presidencia, Luis Donaldo Colosio.<\/p>\n\n\n\n<p>El Primer Tribunal Colegiado en Materia Penal con residencia en el Estado de M\u00e9xico orden\u00f3 turnar el recurso de revisi\u00f3n a la Corte para no retrasar la impartici\u00f3n de justicia<\/p>\n\n\n\n<p>Una vez que el Alto Tribunal emita su resoluci\u00f3n, el Colegiado en Materia Penal determinar\u00e1 si el Primer Tribunal Colegiado de Apelaci\u00f3n dio cumplimiento a la sentencia de amparo, misma que permitir\u00eda a Mario Aburto salir de prisi\u00f3n el 23 de marzo de 2024 o antes.<\/p>\n\n\n\n<p>El Colegiado de Apelaci\u00f3n dej\u00f3 sin efecto la sentencia de 45 a\u00f1os de prisi\u00f3n dictada contra Mario Aburto en acato al amparo concedido al magnicida,<\/p>\n\n\n\n<p>El Colegiado amparante orden\u00f3 que se aplique el C\u00f3digo Penal de Baja California vigente el 23 de marzo de 1994, que establece como m\u00e1ximo 30 a\u00f1os de prisi\u00f3n al responsable de homicidio calificado, en lugar de aplicar, como sucedi\u00f3, el C\u00f3digo Penal Federal que considera una sentencia de hasta 50 a\u00f1os.<\/p>\n\n\n\n<p>Fuente: <a href=\"https:\/\/www.milenio.com\/policia\/mario-aburto-fgr-impugna-resolucion-efecto-sentencia\" data-type=\"URL\" data-id=\"https:\/\/www.milenio.com\/policia\/mario-aburto-fgr-impugna-resolucion-efecto-sentencia\">Milenio<\/a><\/p>\n","protected":false},"excerpt":{"rendered":"<p>Un Tribunal Federal turn\u00f3 a la Suprema Corte de Justicia de la Naci\u00f3n (SCJN) la impugnaci\u00f3n que interpuso la Fiscal\u00eda General de la Rep\u00fablica (FGR) contra la sentencia que ampar\u00f3 a Mario Aburto Mart\u00ednez y que dej\u00f3 sin efecto la condena de 45 a\u00f1os de prisi\u00f3n por el homicidio del candidato del PRI a la [&hellip;]<\/p>\n","protected":false},"author":35,"featured_media":29099,"comment_status":"open","ping_status":"open","sticky":false,"template":"","format":"standard","meta":{"_monsterinsights_skip_tracking":false,"_monsterinsights_sitenote_active":false,"_monsterinsights_sitenote_note":"","_monsterinsights_sitenote_category":0,"footnotes":""},"categories":[157],"tags":[226,12360,6817,10917],"class_list":["post-125644","post","type-post","status-publish","format-standard","has-post-thumbnail","hentry","category-nacional","tag-fgr","tag-impugna","tag-mario-aburto","tag-resolucion","wp-image-borders"],"amp_enabled":true,"_links":{"self":[{"href":"https:\/\/nvnoticias.mx\/index.php\/wp-json\/wp\/v2\/posts\/125644","targetHints":{"allow":["GET"]}}],"collection":[{"href":"https:\/\/nvnoticias.mx\/index.php\/wp-json\/wp\/v2\/posts"}],"about":[{"href":"https:\/\/nvnoticias.mx\/index.php\/wp-json\/wp\/v2\/types\/post"}],"author":[{"embeddable":true,"href":"https:\/\/nvnoticias.mx\/index.php\/wp-json\/wp\/v2\/users\/35"}],"replies":[{"embeddable":true,"href":"https:\/\/nvnoticias.mx\/index.php\/wp-json\/wp\/v2\/comments?post=125644"}],"version-history":[{"count":1,"href":"https:\/\/nvnoticias.mx\/index.php\/wp-json\/wp\/v2\/posts\/125644\/revisions"}],"predecessor-version":[{"id":125646,"href":"https:\/\/nvnoticias.mx\/index.php\/wp-json\/wp\/v2\/posts\/125644\/revisions\/125646"}],"wp:featuredmedia":[{"embeddable":true,"href":"https:\/\/nvnoticias.mx\/index.php\/wp-json\/wp\/v2\/media\/29099"}],"wp:attachment":[{"href":"https:\/\/nvnoticias.mx\/index.php\/wp-json\/wp\/v2\/media?parent=125644"}],"wp:term":[{"taxonomy":"category","embeddable":true,"href":"https:\/\/nvnoticias.mx\/index.php\/wp-json\/wp\/v2\/categories?post=125644"},{"taxonomy":"post_tag","embeddable":true,"href":"https:\/\/nvnoticias.mx\/index.php\/wp-json\/wp\/v2\/tags?post=125644"}],"curies":[{"name":"wp","href":"https:\/\/api.w.org\/{rel}","templated":true}]}}