{"id":125638,"date":"2023-10-19T12:49:37","date_gmt":"2023-10-19T17:49:37","guid":{"rendered":"https:\/\/nvnoticias.mx\/?p=125638"},"modified":"2023-10-19T12:49:39","modified_gmt":"2023-10-19T17:49:39","slug":"evacuan-ocho-aeropuertos-regionales-en-francia-por-nuevos-avisos-de-bomba","status":"publish","type":"post","link":"https:\/\/nvnoticias.mx\/index.php\/2023\/10\/19\/evacuan-ocho-aeropuertos-regionales-en-francia-por-nuevos-avisos-de-bomba\/","title":{"rendered":"Evacuan ocho aeropuertos regionales en Francia por nuevos avisos de bomba"},"content":{"rendered":"\n<p>Catorce aeropuertos franceses recibieron este jueves nuevas amenazas de atentados, de los cuales &#8220;<strong>al menos ocho<\/strong>&#8221; <strong>fueron evacuados por estos avisos de bomba, al igual que el Palacio de Versalles<\/strong>, indicaron varias fuentes a AFP.<\/p>\n\n\n\n<p>La v\u00edspera, la mayor\u00eda de los grandes aeropuertos franceses, salvo los parisinos Charles de Gaulle y Orly, fueron evacuados temporalmente por amenazas similares, provocando la anulaci\u00f3n de <strong>130 vuelos<\/strong>.<\/p>\n\n\n\n<p>&#8220;Las falsas alertas organizadas son peligrosas e inaceptables&#8221;, escribi\u00f3 en la red social X el ministro de Transportes, <strong>Cl\u00e9ment Beaune<\/strong>, precisando que cada caso se denuncia a la justicia.<\/p>\n\n\n\n<p>Las autoridades elevaron el viernes el nivel de alerta a &#8220;<strong>emergencia atentado<\/strong>&#8221; tras el asesinato ese d\u00eda del profesor Dominique Bernard por un islamista radicalizado en Arras (norte).<\/p>\n\n\n\n<p>El jueves, las evacuaciones tuvieron lugar en los aeropuertos de Brest, Carcasona, Rennes, Tarbes, Burdeos, Beziers, Montpellier y Nantes, seg\u00fan la fuente, que pidi\u00f3 el anonimato.<\/p>\n\n\n\n<p>La Direcci\u00f3n General de la Aviaci\u00f3n Civil confirm\u00f3 a AFP que &#8220;varios aeropuertos&#8221; recibieron en la ma\u00f1ana <strong>&#8220;amenazas de atentados&#8221;, sin poder precisar cu\u00e1les y su n\u00famero<\/strong>.<\/p>\n\n\n\n<p>Algunos aer\u00f3dromos informaron ellos mismos de la situaci\u00f3n. El de Lille indic\u00f3 en la red social X que evacuaban por &#8220;una alerta de bomba&#8221;, antes de anunciar la reapertura media hora despu\u00e9s.<\/p>\n\n\n\n<p>Fuente:<a href=\"https:\/\/www.eluniversal.com.mx\/mundo\/evacuan-ocho-aeropuertos-regionales-en-francia-por-nuevos-avisos-de-bomba\/\" data-type=\"URL\" data-id=\"https:\/\/www.eluniversal.com.mx\/mundo\/evacuan-ocho-aeropuertos-regionales-en-francia-por-nuevos-avisos-de-bomba\/\"> El Universal<\/a><\/p>\n","protected":false},"excerpt":{"rendered":"<p>Catorce aeropuertos franceses recibieron este jueves nuevas amenazas de atentados, de los cuales &#8220;al menos ocho&#8221; fueron evacuados por estos avisos de bomba, al igual que el Palacio de Versalles, indicaron varias fuentes a AFP. La v\u00edspera, la mayor\u00eda de los grandes aeropuertos franceses, salvo los parisinos Charles de Gaulle y Orly, fueron evacuados temporalmente [&hellip;]<\/p>\n","protected":false},"author":35,"featured_media":19083,"comment_status":"open","ping_status":"open","sticky":false,"template":"","format":"standard","meta":{"_monsterinsights_skip_tracking":false,"_monsterinsights_sitenote_active":false,"_monsterinsights_sitenote_note":"","_monsterinsights_sitenote_category":0,"footnotes":""},"categories":[181],"tags":[14519,27886,5719,11236,1056],"class_list":["post-125638","post","type-post","status-publish","format-standard","has-post-thumbnail","hentry","category-internacional","tag-aeropuertos","tag-avisos","tag-bomba","tag-evacuan","tag-francia","wp-image-borders"],"amp_enabled":true,"_links":{"self":[{"href":"https:\/\/nvnoticias.mx\/index.php\/wp-json\/wp\/v2\/posts\/125638","targetHints":{"allow":["GET"]}}],"collection":[{"href":"https:\/\/nvnoticias.mx\/index.php\/wp-json\/wp\/v2\/posts"}],"about":[{"href":"https:\/\/nvnoticias.mx\/index.php\/wp-json\/wp\/v2\/types\/post"}],"author":[{"embeddable":true,"href":"https:\/\/nvnoticias.mx\/index.php\/wp-json\/wp\/v2\/users\/35"}],"replies":[{"embeddable":true,"href":"https:\/\/nvnoticias.mx\/index.php\/wp-json\/wp\/v2\/comments?post=125638"}],"version-history":[{"count":1,"href":"https:\/\/nvnoticias.mx\/index.php\/wp-json\/wp\/v2\/posts\/125638\/revisions"}],"predecessor-version":[{"id":125640,"href":"https:\/\/nvnoticias.mx\/index.php\/wp-json\/wp\/v2\/posts\/125638\/revisions\/125640"}],"wp:featuredmedia":[{"embeddable":true,"href":"https:\/\/nvnoticias.mx\/index.php\/wp-json\/wp\/v2\/media\/19083"}],"wp:attachment":[{"href":"https:\/\/nvnoticias.mx\/index.php\/wp-json\/wp\/v2\/media?parent=125638"}],"wp:term":[{"taxonomy":"category","embeddable":true,"href":"https:\/\/nvnoticias.mx\/index.php\/wp-json\/wp\/v2\/categories?post=125638"},{"taxonomy":"post_tag","embeddable":true,"href":"https:\/\/nvnoticias.mx\/index.php\/wp-json\/wp\/v2\/tags?post=125638"}],"curies":[{"name":"wp","href":"https:\/\/api.w.org\/{rel}","templated":true}]}}