{"id":125631,"date":"2023-10-19T12:42:11","date_gmt":"2023-10-19T17:42:11","guid":{"rendered":"https:\/\/nvnoticias.mx\/?p=125631"},"modified":"2023-10-19T12:45:13","modified_gmt":"2023-10-19T17:45:13","slug":"emite-estados-unidos-advertencia-global-por-riesgo-de-ataques-terroristas","status":"publish","type":"post","link":"https:\/\/nvnoticias.mx\/index.php\/2023\/10\/19\/emite-estados-unidos-advertencia-global-por-riesgo-de-ataques-terroristas\/","title":{"rendered":"Emite Estados Unidos advertencia global por riesgo de ataques terroristas"},"content":{"rendered":"\n<p>El Departamento de Estado de EU emiti\u00f3 una&nbsp;<strong>alerta global por el peligro creciente de atentados terroristas<\/strong>, en el contexto de la&nbsp;guerra entre Israel y el grupo palestino Ham\u00e1s.<\/p>\n\n\n\n<p>El aviso fue lanzado un d\u00eda despu\u00e9s de que el presidente&nbsp;<strong>Joe Biden visit\u00f3 Jerusal\u00e9n&nbsp;<\/strong>para discutir el conflicto en Medio Oriente con el primer ministro israel\u00ed&nbsp;<strong>Benjamin Netanyahu,&nbsp;<\/strong>a trav\u00e9s de un&nbsp;comunicado.<\/p>\n\n\n\n<blockquote class=\"wp-block-quote is-layout-flow wp-block-quote-is-layout-flow\"><p>&#8220;Debido a la tensi\u00f3n creciente en varias locaciones alrededor del mundo, los potenciales ataques terroristas y actos de violencia contra ciudadanos estadunidenses el Departamento de Estado advierte a los ciudadanos a incrementar la precauci\u00f3n&#8221;, public\u00f3 la instituci\u00f3n en X, antes Twitter.<\/p><\/blockquote>\n\n\n\n<p>La Administraci\u00f3n del presidente&nbsp;<strong>Joe Biden&nbsp;<\/strong>advirti\u00f3 de que podr\u00edan darse atentados terroristas, manifestaciones y ataques contra ciudadanos estadunidenses.<\/p>\n\n\n\n<p>La Administraci\u00f3n del presidente Joe Biden advirti\u00f3 de que podr\u00edan darse atentados terroristas, manifestaciones y ataques contra ciudadanos estadunidenses.<\/p>\n\n\n\n<p>Fuente: <a href=\"https:\/\/www.milenio.com\/politica\/estados-unidos-emite-advertencia-global-riesgo-terrorismo\" data-type=\"URL\" data-id=\"https:\/\/www.milenio.com\/politica\/estados-unidos-emite-advertencia-global-riesgo-terrorismo\">Milenio<\/a><br><\/p>\n","protected":false},"excerpt":{"rendered":"<p>El Departamento de Estado de EU emiti\u00f3 una&nbsp;alerta global por el peligro creciente de atentados terroristas, en el contexto de la&nbsp;guerra entre Israel y el grupo palestino Ham\u00e1s. El aviso fue lanzado un d\u00eda despu\u00e9s de que el presidente&nbsp;Joe Biden visit\u00f3 Jerusal\u00e9n&nbsp;para discutir el conflicto en Medio Oriente con el primer ministro israel\u00ed&nbsp;Benjamin Netanyahu,&nbsp;a trav\u00e9s [&hellip;]<\/p>\n","protected":false},"author":35,"featured_media":31246,"comment_status":"open","ping_status":"open","sticky":false,"template":"","format":"standard","meta":{"_monsterinsights_skip_tracking":false,"_monsterinsights_sitenote_active":false,"_monsterinsights_sitenote_note":"","_monsterinsights_sitenote_category":0,"footnotes":""},"categories":[181],"tags":[8565,10916,9282,183,162,5857],"class_list":["post-125631","post","type-post","status-publish","format-standard","has-post-thumbnail","hentry","category-internacional","tag-advertencia","tag-ataques","tag-emite","tag-estados-unidos","tag-portada","tag-terroristas","wp-image-borders"],"amp_enabled":true,"_links":{"self":[{"href":"https:\/\/nvnoticias.mx\/index.php\/wp-json\/wp\/v2\/posts\/125631","targetHints":{"allow":["GET"]}}],"collection":[{"href":"https:\/\/nvnoticias.mx\/index.php\/wp-json\/wp\/v2\/posts"}],"about":[{"href":"https:\/\/nvnoticias.mx\/index.php\/wp-json\/wp\/v2\/types\/post"}],"author":[{"embeddable":true,"href":"https:\/\/nvnoticias.mx\/index.php\/wp-json\/wp\/v2\/users\/35"}],"replies":[{"embeddable":true,"href":"https:\/\/nvnoticias.mx\/index.php\/wp-json\/wp\/v2\/comments?post=125631"}],"version-history":[{"count":4,"href":"https:\/\/nvnoticias.mx\/index.php\/wp-json\/wp\/v2\/posts\/125631\/revisions"}],"predecessor-version":[{"id":125636,"href":"https:\/\/nvnoticias.mx\/index.php\/wp-json\/wp\/v2\/posts\/125631\/revisions\/125636"}],"wp:featuredmedia":[{"embeddable":true,"href":"https:\/\/nvnoticias.mx\/index.php\/wp-json\/wp\/v2\/media\/31246"}],"wp:attachment":[{"href":"https:\/\/nvnoticias.mx\/index.php\/wp-json\/wp\/v2\/media?parent=125631"}],"wp:term":[{"taxonomy":"category","embeddable":true,"href":"https:\/\/nvnoticias.mx\/index.php\/wp-json\/wp\/v2\/categories?post=125631"},{"taxonomy":"post_tag","embeddable":true,"href":"https:\/\/nvnoticias.mx\/index.php\/wp-json\/wp\/v2\/tags?post=125631"}],"curies":[{"name":"wp","href":"https:\/\/api.w.org\/{rel}","templated":true}]}}