{"id":125612,"date":"2023-10-19T11:40:17","date_gmt":"2023-10-19T16:40:17","guid":{"rendered":"https:\/\/nvnoticias.mx\/?p=125612"},"modified":"2023-10-19T11:40:19","modified_gmt":"2023-10-19T16:40:19","slug":"revela-nl-llamada-con-elon-musk","status":"publish","type":"post","link":"https:\/\/nvnoticias.mx\/index.php\/2023\/10\/19\/revela-nl-llamada-con-elon-musk\/","title":{"rendered":"Revela NL llamada con Elon Musk"},"content":{"rendered":"\n<p>El\u00a0Gobierno de Nuevo Le\u00f3n\u00a0revel\u00f3 que el martes pasado el propietario de la transnacional\u00a0<strong>Tesla<\/strong>,\u00a0<strong>Elon Musk,<\/strong>\u00a0sostuvo una llamada con integrantes de la administraci\u00f3n de\u00a0<strong>Samuel Garc\u00eda<\/strong>, a quienes les ratific\u00f3 los planos de construcci\u00f3n de la\u00a0<em>Gigafactory<\/em>\u00a0en el municipio de\u00a0<strong>Santa Catarina<\/strong>.<\/p>\n\n\n\n<blockquote class=\"wp-block-quote is-layout-flow wp-block-quote-is-layout-flow\"><p>&#8220;Elon Musk, en una llamada el d\u00eda de ayer (martes), confirm\u00f3 y reafirm\u00f3 que est\u00e1 ya comenzando la construcci\u00f3n de la planta en Nuevo Le\u00f3n y que se est\u00e1n preparando para empezar a construir a principios del a\u00f1o que entra&#8221;, inform\u00f3 el secretario estatal de Econom\u00eda, Iv\u00e1n Rivas.<\/p><\/blockquote>\n\n\n\n<p>El funcionario record\u00f3 que esta misma semana\u00a0<strong>iniciaron los trabajos de infraestructura vial<\/strong>\u00a0que la armada realizara para conectarse y destac\u00f3 que tanto el Gobierno federal como el estatal han avanzado en\u00a0el otorgamiento de los permisos\u00a0que se requieren para la construcci\u00f3n de la planta.<\/p>\n\n\n\n<blockquote class=\"wp-block-quote is-layout-flow wp-block-quote-is-layout-flow\"><p>&#8220;Tesla es un proyecto muy importante para nosotros. Vamos avanzando muy bien. Estamos trabajando de la mano en lo que son los proyectos estatales y federales, los cuales ya quedaron, ya se entregaron, entonces vamos en tiempo y forma. Tambi\u00e9n por el otro lado estamos trabajando en todo lo que tiene que ver con infraestructura para poderlos ayudar a ellos para que cuando empiecen a construir ya tengan lista la infraestructura necesaria, como son algunas entradas, como son algo de topograf\u00eda, movimiento de tierras, cosas que se necesitan para poder ayudar, aparte de agua\u201d, destac\u00f3.<\/p><\/blockquote>\n\n\n\n<p>Fuente: <a href=\"https:\/\/www.milenio.com\/negocios\/gobierno-nuevo-leon-revela-llamada-elon-musk-gigafactory\" data-type=\"URL\" data-id=\"https:\/\/www.milenio.com\/negocios\/gobierno-nuevo-leon-revela-llamada-elon-musk-gigafactory\">Milenio<\/a> <\/p>\n","protected":false},"excerpt":{"rendered":"<p>El\u00a0Gobierno de Nuevo Le\u00f3n\u00a0revel\u00f3 que el martes pasado el propietario de la transnacional\u00a0Tesla,\u00a0Elon Musk,\u00a0sostuvo una llamada con integrantes de la administraci\u00f3n de\u00a0Samuel Garc\u00eda, a quienes les ratific\u00f3 los planos de construcci\u00f3n de la\u00a0Gigafactory\u00a0en el municipio de\u00a0Santa Catarina. &#8220;Elon Musk, en una llamada el d\u00eda de ayer (martes), confirm\u00f3 y reafirm\u00f3 que est\u00e1 ya comenzando la [&hellip;]<\/p>\n","protected":false},"author":35,"featured_media":95776,"comment_status":"open","ping_status":"open","sticky":false,"template":"","format":"standard","meta":{"_monsterinsights_skip_tracking":false,"_monsterinsights_sitenote_active":false,"_monsterinsights_sitenote_note":"","_monsterinsights_sitenote_category":0,"footnotes":""},"categories":[157],"tags":[281,11540,1095,8599],"class_list":["post-125612","post","type-post","status-publish","format-standard","has-post-thumbnail","hentry","category-nacional","tag-elon-musk","tag-llamada","tag-nuevo-leon","tag-revela","wp-image-borders"],"amp_enabled":true,"_links":{"self":[{"href":"https:\/\/nvnoticias.mx\/index.php\/wp-json\/wp\/v2\/posts\/125612","targetHints":{"allow":["GET"]}}],"collection":[{"href":"https:\/\/nvnoticias.mx\/index.php\/wp-json\/wp\/v2\/posts"}],"about":[{"href":"https:\/\/nvnoticias.mx\/index.php\/wp-json\/wp\/v2\/types\/post"}],"author":[{"embeddable":true,"href":"https:\/\/nvnoticias.mx\/index.php\/wp-json\/wp\/v2\/users\/35"}],"replies":[{"embeddable":true,"href":"https:\/\/nvnoticias.mx\/index.php\/wp-json\/wp\/v2\/comments?post=125612"}],"version-history":[{"count":3,"href":"https:\/\/nvnoticias.mx\/index.php\/wp-json\/wp\/v2\/posts\/125612\/revisions"}],"predecessor-version":[{"id":125615,"href":"https:\/\/nvnoticias.mx\/index.php\/wp-json\/wp\/v2\/posts\/125612\/revisions\/125615"}],"wp:featuredmedia":[{"embeddable":true,"href":"https:\/\/nvnoticias.mx\/index.php\/wp-json\/wp\/v2\/media\/95776"}],"wp:attachment":[{"href":"https:\/\/nvnoticias.mx\/index.php\/wp-json\/wp\/v2\/media?parent=125612"}],"wp:term":[{"taxonomy":"category","embeddable":true,"href":"https:\/\/nvnoticias.mx\/index.php\/wp-json\/wp\/v2\/categories?post=125612"},{"taxonomy":"post_tag","embeddable":true,"href":"https:\/\/nvnoticias.mx\/index.php\/wp-json\/wp\/v2\/tags?post=125612"}],"curies":[{"name":"wp","href":"https:\/\/api.w.org\/{rel}","templated":true}]}}