{"id":12558,"date":"2021-05-06T11:21:14","date_gmt":"2021-05-06T16:21:14","guid":{"rendered":"https:\/\/nvnoticias.mx\/?p=12558"},"modified":"2021-05-06T11:21:15","modified_gmt":"2021-05-06T16:21:15","slug":"blade-comenzara-filmaciones","status":"publish","type":"post","link":"https:\/\/nvnoticias.mx\/index.php\/2021\/05\/06\/blade-comenzara-filmaciones\/","title":{"rendered":"Blade comenzar\u00e1 filmaciones."},"content":{"rendered":"\n<h2 class=\"wp-block-heading\">La nueva adaptaci\u00f3n del Cazador de Vampiros de Marvel iniciar\u00e1 su rodaje en verano del pr\u00f3ximo a\u00f1o.<\/h2>\n\n\n\n<p>Han pasado casi 25 a\u00f1os desde que conocimos a <em><strong>Blade, el Cazador de Vampiros<\/strong><\/em> encarnado por <strong>Wesley Snipes<\/strong> y desde hace algunos meses una nueva adaptaci\u00f3n del personaje a la pantalla grande fue anunciada por el productor del <strong>Universo Cinematogr\u00e1fico de Marvel<\/strong>, <strong>Kevin Feige<\/strong>. Sin embargo, apenas el d\u00eda de ayer se confirm\u00f3 el inicio del rodaje que tendr\u00e1 como protagonista al ganador del Premio Oscar <strong>Mahershala Ali.<\/strong><\/p>\n\n\n\n<p><strong><em>Marvel Studios\u00b4 Blade<\/em><\/strong> iniciar\u00e1 grabaciones en el mes de julio de 2022 puesto que su estreno est\u00e1 previsto para finales del 2023.<\/p>\n\n\n\n<p>Sin embargo, la cinta del Caminante Diurno a\u00fan no cuenta con equipo de direcci\u00f3n y elenco confirmado, salvo por la escritora Stacy Osei-Kuffour, que se encarg\u00f3 del gui\u00f3n de la serie <em>Watchmen<\/em> de HBO, ser\u00e1 quien se encargue de guionizar el proyecto.<\/p>\n\n\n\n<p>Si bien <em>Blade <\/em>no fue anunciada como parte de la <strong>Fase 4 del MCU<\/strong>, el nuevo cap\u00edtulo en la historia del estudio comenzar\u00e1 con <strong><em>Black Widow<\/em><\/strong> este 9 de julio y concluir\u00e1 con <strong><em>Guardianes de la Galaxia<\/em><\/strong> en 2023, trayendo nuevas entregas de Doctor Strange, el Hombre Ara\u00f1a, Thor y Pantera Negra.<\/p>\n","protected":false},"excerpt":{"rendered":"<p>La nueva adaptaci\u00f3n del Cazador de Vampiros de Marvel iniciar\u00e1 su rodaje en verano del pr\u00f3ximo a\u00f1o. Han pasado casi 25 a\u00f1os desde que conocimos a Blade, el Cazador de Vampiros encarnado por Wesley Snipes y desde hace algunos meses una nueva adaptaci\u00f3n del personaje a la pantalla grande fue anunciada por el productor del [&hellip;]<\/p>\n","protected":false},"author":35,"featured_media":12569,"comment_status":"open","ping_status":"open","sticky":false,"template":"","format":"standard","meta":{"_monsterinsights_skip_tracking":false,"_monsterinsights_sitenote_active":false,"_monsterinsights_sitenote_note":"","_monsterinsights_sitenote_category":0,"footnotes":""},"categories":[576],"tags":[3455,3456,1887,3384,820,3385,3383],"class_list":["post-12558","post","type-post","status-publish","format-standard","has-post-thumbnail","hentry","category-ocio","tag-blade","tag-mahershala-ali","tag-marvel","tag-marvel-studios","tag-peliculas","tag-superheroes","tag-universo-cinematografico-de-marvel","wp-image-borders"],"amp_enabled":true,"_links":{"self":[{"href":"https:\/\/nvnoticias.mx\/index.php\/wp-json\/wp\/v2\/posts\/12558","targetHints":{"allow":["GET"]}}],"collection":[{"href":"https:\/\/nvnoticias.mx\/index.php\/wp-json\/wp\/v2\/posts"}],"about":[{"href":"https:\/\/nvnoticias.mx\/index.php\/wp-json\/wp\/v2\/types\/post"}],"author":[{"embeddable":true,"href":"https:\/\/nvnoticias.mx\/index.php\/wp-json\/wp\/v2\/users\/35"}],"replies":[{"embeddable":true,"href":"https:\/\/nvnoticias.mx\/index.php\/wp-json\/wp\/v2\/comments?post=12558"}],"version-history":[{"count":1,"href":"https:\/\/nvnoticias.mx\/index.php\/wp-json\/wp\/v2\/posts\/12558\/revisions"}],"predecessor-version":[{"id":12570,"href":"https:\/\/nvnoticias.mx\/index.php\/wp-json\/wp\/v2\/posts\/12558\/revisions\/12570"}],"wp:featuredmedia":[{"embeddable":true,"href":"https:\/\/nvnoticias.mx\/index.php\/wp-json\/wp\/v2\/media\/12569"}],"wp:attachment":[{"href":"https:\/\/nvnoticias.mx\/index.php\/wp-json\/wp\/v2\/media?parent=12558"}],"wp:term":[{"taxonomy":"category","embeddable":true,"href":"https:\/\/nvnoticias.mx\/index.php\/wp-json\/wp\/v2\/categories?post=12558"},{"taxonomy":"post_tag","embeddable":true,"href":"https:\/\/nvnoticias.mx\/index.php\/wp-json\/wp\/v2\/tags?post=12558"}],"curies":[{"name":"wp","href":"https:\/\/api.w.org\/{rel}","templated":true}]}}