{"id":125354,"date":"2023-10-17T13:06:48","date_gmt":"2023-10-17T18:06:48","guid":{"rendered":"https:\/\/nvnoticias.mx\/?p=125354"},"modified":"2023-10-17T13:06:50","modified_gmt":"2023-10-17T18:06:50","slug":"poder-judicial-de-boca-del-rio-se-suma-al-paro-nacional-por-eliminacion-de-fideicomisos","status":"publish","type":"post","link":"https:\/\/nvnoticias.mx\/index.php\/2023\/10\/17\/poder-judicial-de-boca-del-rio-se-suma-al-paro-nacional-por-eliminacion-de-fideicomisos\/","title":{"rendered":"Poder Judicial de Boca del R\u00edo se suma al paro nacional por eliminaci\u00f3n de fideicomisos"},"content":{"rendered":"\n<p><strong>\u00c1ngel Hern\u00e1ndez \/ NV Noticias <\/strong><\/p>\n\n\n\n<p>Esta ma\u00f1ana, trabajadores del Poder Judicial de la Federaci\u00f3n de Boca del R\u00edo se sumaron al paro nacional para manifestar la inconformidad ante la desaparici\u00f3n de fideicomisos por parte de legisladores federales. <\/p>\n\n\n\n<p>Nuevamente se postraron afuera de las instalaciones que se encuentran en la avenida Juan Pablo II, en el municipio boque\u00f1o. <\/p>\n\n\n\n<p>Alzando la voz, los afectados mencionan que de quitar 13 de los 14 fideicomisos, se estar\u00eda actuando de manera inconstitucional, pues aseguran que son recursos propios, los cuales se han ganado gracias a su trabajo a lo largo de los a\u00f1os. <\/p>\n\n\n\n<p>Enrique Buenaventura, Secretario General del sindicato de trabajadores del Poder Judicial de la Federaci\u00f3n, secci\u00f3n 28, detall\u00f3 que el PJF se estar\u00eda debilitando, lo que provocar\u00eda una vulneracion a los derechos de los mexicanos.<\/p>\n\n\n\n<p>Agreg\u00f3 que en este poder no hay salarios excesivos para los trabajadores, tal y como lo se\u00f1ala el presidente de M\u00e9xico, Andr\u00e9s Manuel L\u00f3pez Obrador. <\/p>\n\n\n\n<p>Posterior a la protesta, los trabajadores de este poder en Boca del R\u00edo regresaron a sus actividades laborales normales. <\/p>\n\n\n\n<p>De aprobarse la eliminaci\u00f3n de 13 fideicomisos al Poder Judicial, se le estar\u00eda haciendo una reducci\u00f3n presupuestal de 15 mil millones de pesos.<\/p>\n","protected":false},"excerpt":{"rendered":"<p>\u00c1ngel Hern\u00e1ndez \/ NV Noticias Esta ma\u00f1ana, trabajadores del Poder Judicial de la Federaci\u00f3n de Boca del R\u00edo se sumaron al paro nacional para manifestar la inconformidad ante la desaparici\u00f3n de fideicomisos por parte de legisladores federales. Nuevamente se postraron afuera de las instalaciones que se encuentran en la avenida Juan Pablo II, en el [&hellip;]<\/p>\n","protected":false},"author":8,"featured_media":125355,"comment_status":"open","ping_status":"open","sticky":false,"template":"","format":"standard","meta":{"_monsterinsights_skip_tracking":false,"_monsterinsights_sitenote_active":false,"_monsterinsights_sitenote_note":"","_monsterinsights_sitenote_category":0,"footnotes":""},"categories":[154],"tags":[423,7550,2321,162],"class_list":["post-125354","post","type-post","status-publish","format-standard","has-post-thumbnail","hentry","category-veracruz","tag-boca-del-rio","tag-paro-nacional","tag-poder-judicial","tag-portada","wp-image-borders"],"amp_enabled":true,"_links":{"self":[{"href":"https:\/\/nvnoticias.mx\/index.php\/wp-json\/wp\/v2\/posts\/125354","targetHints":{"allow":["GET"]}}],"collection":[{"href":"https:\/\/nvnoticias.mx\/index.php\/wp-json\/wp\/v2\/posts"}],"about":[{"href":"https:\/\/nvnoticias.mx\/index.php\/wp-json\/wp\/v2\/types\/post"}],"author":[{"embeddable":true,"href":"https:\/\/nvnoticias.mx\/index.php\/wp-json\/wp\/v2\/users\/8"}],"replies":[{"embeddable":true,"href":"https:\/\/nvnoticias.mx\/index.php\/wp-json\/wp\/v2\/comments?post=125354"}],"version-history":[{"count":1,"href":"https:\/\/nvnoticias.mx\/index.php\/wp-json\/wp\/v2\/posts\/125354\/revisions"}],"predecessor-version":[{"id":125356,"href":"https:\/\/nvnoticias.mx\/index.php\/wp-json\/wp\/v2\/posts\/125354\/revisions\/125356"}],"wp:featuredmedia":[{"embeddable":true,"href":"https:\/\/nvnoticias.mx\/index.php\/wp-json\/wp\/v2\/media\/125355"}],"wp:attachment":[{"href":"https:\/\/nvnoticias.mx\/index.php\/wp-json\/wp\/v2\/media?parent=125354"}],"wp:term":[{"taxonomy":"category","embeddable":true,"href":"https:\/\/nvnoticias.mx\/index.php\/wp-json\/wp\/v2\/categories?post=125354"},{"taxonomy":"post_tag","embeddable":true,"href":"https:\/\/nvnoticias.mx\/index.php\/wp-json\/wp\/v2\/tags?post=125354"}],"curies":[{"name":"wp","href":"https:\/\/api.w.org\/{rel}","templated":true}]}}