{"id":125350,"date":"2023-10-17T12:17:20","date_gmt":"2023-10-17T17:17:20","guid":{"rendered":"https:\/\/nvnoticias.mx\/?p=125350"},"modified":"2023-10-17T12:17:22","modified_gmt":"2023-10-17T17:17:22","slug":"impugnara-sheinbaum-resolucion-del-ine-sobre-sus-giras","status":"publish","type":"post","link":"https:\/\/nvnoticias.mx\/index.php\/2023\/10\/17\/impugnara-sheinbaum-resolucion-del-ine-sobre-sus-giras\/","title":{"rendered":"Impugnar\u00e1 Sheinbaum resoluci\u00f3n del INE sobre sus giras"},"content":{"rendered":"\n<p>Luego de que el <strong>INE<\/strong> orden\u00f3 suspender la gira con m\u00edtines masivos de<strong> Claudia Sheinbaum<\/strong>, la coordinadora de Comit\u00e9s de Defensa de la 4T inform\u00f3 que impugnar\u00e1 la decisi\u00f3n del \u00f3rgano electoral.<\/p>\n\n\n\n<p>A trav\u00e9s de sus redes sociales, Sheinbaum se\u00f1al\u00f3: &#8220;Informo que se impugnar\u00e1 la resoluci\u00f3n. Es imposible detener nuestro movimiento. Crece todos los d\u00edas. Que viva la 4T&#8221;.<\/p>\n\n\n\n<p>Ante lar esoluci\u00f3n de la Comisi\u00f3n de Quejas y Denuncias del<a href=\"https:\/\/www.eluniversal.com.mx\/minuto-x-minuto\/elecciones\/\"> INE<\/a>, la morenista puntualiz\u00f3 que &#8220;no se suspenden las asambleas estatales. Se hace una adecuaci\u00f3n&#8221; y detall\u00f3 que entre los cambios que realizar\u00e1 se encuentran:<\/p>\n\n\n\n<p>1. Los eventos ser\u00e1n en lugares cerrados y dirigidos a la militancia.<\/p>\n\n\n\n<p>2. Al inicio de los eventos se informar\u00e1 a todas las personas presentes sobre el contenido de las reglas que establece la ley.<\/p>\n\n\n\n<p>3. Las expresiones se har\u00e1n conforme a la normatividad electoral. \u00danicamente se deber\u00e1n seguir estos lineamientos.<\/p>\n\n\n\n<p>La Comisi\u00f3n de Quejas y Denuncias del INE orden\u00f3 suspender la gira con m\u00edtines masivos de Claudia Sheinbaum, coordinadora de Comit\u00e9s de Defensa de la 4T, por lo que deber\u00e1 limitar sus eventos a lugares cerrados y \u00fanicamente dirigidos a militantes, al advertir violaciones graves a la equidad de la contienda.<\/p>\n\n\n\n<p>El coordinador de los diputados de Movimiento Ciudadano, Jorge \u00c1lvarez M\u00e1ynez, y el PRD denunciaron a Claudia Sheinbaum y pidi\u00f3 la suspensi\u00f3n de las giras denominadas \u201cLa esperanza nos une\u201d.<\/p>\n\n\n\n<p>La comisi\u00f3n se\u00f1al\u00f3 que dichos eventos fueron p\u00fablicos y abiertos a la ciudadan\u00eda, con cientos de asistentes y contenido proselitista. Adem\u00e1s, falta que visite al menos 14 entidades federativas, al advertir da\u00f1os a la contienda electoral y violaci\u00f3n grave al principio de equidad en la contienda.<\/p>\n\n\n\n<p>Fuente: <a href=\"https:\/\/www.eluniversal.com.mx\/elecciones\/impugnara-sheinbaum-resolucion-del-ine-sobre-sus-giras\/\" data-type=\"URL\" data-id=\"https:\/\/www.eluniversal.com.mx\/elecciones\/impugnara-sheinbaum-resolucion-del-ine-sobre-sus-giras\/\">El Universal<\/a><\/p>\n","protected":false},"excerpt":{"rendered":"<p>Luego de que el INE orden\u00f3 suspender la gira con m\u00edtines masivos de Claudia Sheinbaum, la coordinadora de Comit\u00e9s de Defensa de la 4T inform\u00f3 que impugnar\u00e1 la decisi\u00f3n del \u00f3rgano electoral. A trav\u00e9s de sus redes sociales, Sheinbaum se\u00f1al\u00f3: &#8220;Informo que se impugnar\u00e1 la resoluci\u00f3n. Es imposible detener nuestro movimiento. Crece todos los d\u00edas. [&hellip;]<\/p>\n","protected":false},"author":35,"featured_media":81655,"comment_status":"open","ping_status":"open","sticky":false,"template":"","format":"standard","meta":{"_monsterinsights_skip_tracking":false,"_monsterinsights_sitenote_active":false,"_monsterinsights_sitenote_note":"","_monsterinsights_sitenote_category":0,"footnotes":""},"categories":[158],"tags":[2801,3797,4432,10917],"class_list":["post-125350","post","type-post","status-publish","format-standard","has-post-thumbnail","hentry","category-politica","tag-claudia-sheinbaum","tag-gira","tag-impugnara","tag-resolucion","wp-image-borders"],"amp_enabled":true,"_links":{"self":[{"href":"https:\/\/nvnoticias.mx\/index.php\/wp-json\/wp\/v2\/posts\/125350","targetHints":{"allow":["GET"]}}],"collection":[{"href":"https:\/\/nvnoticias.mx\/index.php\/wp-json\/wp\/v2\/posts"}],"about":[{"href":"https:\/\/nvnoticias.mx\/index.php\/wp-json\/wp\/v2\/types\/post"}],"author":[{"embeddable":true,"href":"https:\/\/nvnoticias.mx\/index.php\/wp-json\/wp\/v2\/users\/35"}],"replies":[{"embeddable":true,"href":"https:\/\/nvnoticias.mx\/index.php\/wp-json\/wp\/v2\/comments?post=125350"}],"version-history":[{"count":1,"href":"https:\/\/nvnoticias.mx\/index.php\/wp-json\/wp\/v2\/posts\/125350\/revisions"}],"predecessor-version":[{"id":125351,"href":"https:\/\/nvnoticias.mx\/index.php\/wp-json\/wp\/v2\/posts\/125350\/revisions\/125351"}],"wp:featuredmedia":[{"embeddable":true,"href":"https:\/\/nvnoticias.mx\/index.php\/wp-json\/wp\/v2\/media\/81655"}],"wp:attachment":[{"href":"https:\/\/nvnoticias.mx\/index.php\/wp-json\/wp\/v2\/media?parent=125350"}],"wp:term":[{"taxonomy":"category","embeddable":true,"href":"https:\/\/nvnoticias.mx\/index.php\/wp-json\/wp\/v2\/categories?post=125350"},{"taxonomy":"post_tag","embeddable":true,"href":"https:\/\/nvnoticias.mx\/index.php\/wp-json\/wp\/v2\/tags?post=125350"}],"curies":[{"name":"wp","href":"https:\/\/api.w.org\/{rel}","templated":true}]}}