{"id":125273,"date":"2023-10-16T17:27:57","date_gmt":"2023-10-16T22:27:57","guid":{"rendered":"https:\/\/nvnoticias.mx\/?p=125273"},"modified":"2023-10-16T17:27:59","modified_gmt":"2023-10-16T22:27:59","slug":"emocionan-selena-gomez-y-francia-raisa-a-fans-con-aparente-reconciliacion","status":"publish","type":"post","link":"https:\/\/nvnoticias.mx\/index.php\/2023\/10\/16\/emocionan-selena-gomez-y-francia-raisa-a-fans-con-aparente-reconciliacion\/","title":{"rendered":"Emocionan Selena Gomez y Francia Raisa a fans con aparente reconciliaci\u00f3n"},"content":{"rendered":"\n<p><strong>S<a href=\"https:\/\/us.marca.com\/tiramillas\/selena-gomez.html\">elena Gomez<\/a><\/strong> y <strong>Francia Raisa<\/strong> se reconciliaron. La actriz de <strong>&#8220;How I Met Your Father&#8221;<\/strong> public\u00f3 una fotograf\u00eda en su cuenta de Instagram donde <strong>aparece con Gomez en un boliche<\/strong>.<\/p>\n\n\n\n<p>La actriz acompa\u00f1\u00f3 la imagen con la leyenda <strong>&#8220;Emocionantes noticias el lunes&#8230;&#8221;<\/strong>, lo que desat\u00f3 especulaciones entre los fan\u00e1ticos de ambas <a href=\"https:\/\/us.marca.com\/tiramillas\/celebrities.html\">celebridades<\/a>.<\/p>\n\n\n\n<p>Para adelantarse a las cr\u00edticas, ambas mujeres usaron sudaderas con la leyenda <strong>&#8220;Sin carne, solo salsa&#8221;<\/strong>, que Francia repiti\u00f3 como hashtag en la publicaci\u00f3n.<\/p>\n\n\n\n<p>Hasta el momento, <strong>Selena no ha hecho ninguna referencia<\/strong> a la imagen ni ha comentado la misma en sus redes sociales.<\/p>\n\n\n\n<p>Ambas celebridades alguna vez fueron consideradas mejores amigas. Sin embargo, <strong>su distanciamiento comenz\u00f3 justo despu\u00e9s de que Raisa le donara un ri\u00f1\u00f3n a Selena<\/strong>.<\/p>\n\n\n\n<p>Cabe recordar que la cantante de <strong>&#8220;Love You Like a Love Song&#8221;<\/strong> sufre de <strong>Lupus<\/strong> y esta enfermedad afect\u00f3 sus ri\u00f1ones. <strong>Por eso requiri\u00f3 un trasplante en 2017<\/strong>.<\/p>\n\n\n\n<p>Sin embargo, en 2019, medios de espect\u00e1culos revelaron que <strong>Francia hab\u00eda dejado de hablar con Selena<\/strong> cuando la cantante <strong>retom\u00f3 su vida de bebida y fiesta<\/strong>.<\/p>\n\n\n\n<p>Seg\u00fan fuentes cercanas a Raisa, la actriz estaba molesta porque <strong>su amiga hab\u00eda hecho todo lo contrario de lo que ella hab\u00eda prometido<\/strong>.<\/p>\n\n\n\n<p>Hasta el momento, <strong>la imagen acumula m\u00e1s de 230 mil likes y 2,012 comentarios<\/strong>.<\/p>\n\n\n\n<p>Un fan coment\u00f3: &#8220;\u00a1Qu\u00e9 bueno ver a mis favoritas juntas otra vez!&#8221;, mientras que alguien m\u00e1s se\u00f1al\u00f3: &#8220;Las amo a las dos juntas&#8221;. Alguien m\u00e1s incluso se\u00f1al\u00f3 que: &#8220;Bueno, si eso no es una reconciliaci\u00f3n p\u00fablica, no s\u00e9 qu\u00e9 es&#8221;.<\/p>\n\n\n\n<p>Fuente:<a href=\"https:\/\/us.marca.com\/tiramillas\/celebrities\/2023\/10\/15\/652c2e1522601d7a078b4577.html\" data-type=\"URL\" data-id=\"https:\/\/us.marca.com\/tiramillas\/celebrities\/2023\/10\/15\/652c2e1522601d7a078b4577.html\"> Marca<\/a><\/p>\n","protected":false},"excerpt":{"rendered":"<p>Selena Gomez y Francia Raisa se reconciliaron. La actriz de &#8220;How I Met Your Father&#8221; public\u00f3 una fotograf\u00eda en su cuenta de Instagram donde aparece con Gomez en un boliche. La actriz acompa\u00f1\u00f3 la imagen con la leyenda &#8220;Emocionantes noticias el lunes&#8230;&#8221;, lo que desat\u00f3 especulaciones entre los fan\u00e1ticos de ambas celebridades. Para adelantarse a [&hellip;]<\/p>\n","protected":false},"author":35,"featured_media":125274,"comment_status":"open","ping_status":"open","sticky":false,"template":"","format":"standard","meta":{"_monsterinsights_skip_tracking":false,"_monsterinsights_sitenote_active":false,"_monsterinsights_sitenote_note":"","_monsterinsights_sitenote_category":0,"footnotes":""},"categories":[576],"tags":[9465,25071,17854,126],"class_list":["post-125273","post","type-post","status-publish","format-standard","has-post-thumbnail","hentry","category-ocio","tag-aparente","tag-francia-raisa-2","tag-reconciliacion","tag-selena-gomez","wp-image-borders"],"amp_enabled":true,"_links":{"self":[{"href":"https:\/\/nvnoticias.mx\/index.php\/wp-json\/wp\/v2\/posts\/125273","targetHints":{"allow":["GET"]}}],"collection":[{"href":"https:\/\/nvnoticias.mx\/index.php\/wp-json\/wp\/v2\/posts"}],"about":[{"href":"https:\/\/nvnoticias.mx\/index.php\/wp-json\/wp\/v2\/types\/post"}],"author":[{"embeddable":true,"href":"https:\/\/nvnoticias.mx\/index.php\/wp-json\/wp\/v2\/users\/35"}],"replies":[{"embeddable":true,"href":"https:\/\/nvnoticias.mx\/index.php\/wp-json\/wp\/v2\/comments?post=125273"}],"version-history":[{"count":1,"href":"https:\/\/nvnoticias.mx\/index.php\/wp-json\/wp\/v2\/posts\/125273\/revisions"}],"predecessor-version":[{"id":125275,"href":"https:\/\/nvnoticias.mx\/index.php\/wp-json\/wp\/v2\/posts\/125273\/revisions\/125275"}],"wp:featuredmedia":[{"embeddable":true,"href":"https:\/\/nvnoticias.mx\/index.php\/wp-json\/wp\/v2\/media\/125274"}],"wp:attachment":[{"href":"https:\/\/nvnoticias.mx\/index.php\/wp-json\/wp\/v2\/media?parent=125273"}],"wp:term":[{"taxonomy":"category","embeddable":true,"href":"https:\/\/nvnoticias.mx\/index.php\/wp-json\/wp\/v2\/categories?post=125273"},{"taxonomy":"post_tag","embeddable":true,"href":"https:\/\/nvnoticias.mx\/index.php\/wp-json\/wp\/v2\/tags?post=125273"}],"curies":[{"name":"wp","href":"https:\/\/api.w.org\/{rel}","templated":true}]}}