{"id":125213,"date":"2023-10-16T14:35:42","date_gmt":"2023-10-16T19:35:42","guid":{"rendered":"https:\/\/nvnoticias.mx\/?p=125213"},"modified":"2023-10-16T14:35:47","modified_gmt":"2023-10-16T19:35:47","slug":"se-resguardan-blinken-y-netanyahu-en-bunker-por-bombardeo-en-israel","status":"publish","type":"post","link":"https:\/\/nvnoticias.mx\/index.php\/2023\/10\/16\/se-resguardan-blinken-y-netanyahu-en-bunker-por-bombardeo-en-israel\/","title":{"rendered":"Se resguardan Blinken y Netanyahu  en b\u00fanker por bombardeo en Israel"},"content":{"rendered":"\n<p>El secretario de Estado estadunidense, Antony Blinken, y el primer ministro israel\u00ed, Benjamin Netanyahu, se refugiaron en un b\u00fanker por cinco minutos el lunes cuando sonaron las sirenas para anunciar un ataque a\u00e9reo en Tel Aviv, dijo el portavoz del gobierno en Washington.<\/p>\n\n\n\n<p>Tanto Blinken como Netanyahu salieron del refugio poco despu\u00e9s y continuaron su reuni\u00f3n en el centro de comando del Ministerio de Defensa israel\u00ed, dijo Matthew Miller, portavoz del Departamento de Estado.<\/p>\n\n\n\n<p>Evac\u00faan Parlamento de Israel por bombardeo; Benjamin Netanyahu estaba presente | VIDEO<br>Blinken y Netanyahu se reunieron en Jerusal\u00e9n hoy, en lo que constituye la segunda visita del jefe de la diplomacia estadunidense a Israel desde el inicio el 7 de octubre de la guerra entre los israel\u00edes y las milicias palestinas de la Franja de Gaza lideradas por Ham\u00e1s.<\/p>\n\n\n\n<p>Seg\u00fan el Departamento de Estado, Blinken habl\u00f3 con Netanyahu sobre la &#8220;estrecha coordinaci\u00f3n&#8221; de Estados Unidos con Naciones Unidas y otros &#8220;socios regionales&#8221; para facilitar la entrega de ayuda humanitaria a civiles.<\/p>\n\n\n\n<p>Fuente: <a href=\"https:\/\/www.milenio.com\/internacional\/antony-blinken-benjamin-netanyahu-entran-bunker-israel\" data-type=\"URL\" data-id=\"https:\/\/www.milenio.com\/internacional\/antony-blinken-benjamin-netanyahu-entran-bunker-israel\">Milenio<\/a> <\/p>\n","protected":false},"excerpt":{"rendered":"<p>El secretario de Estado estadunidense, Antony Blinken, y el primer ministro israel\u00ed, Benjamin Netanyahu, se refugiaron en un b\u00fanker por cinco minutos el lunes cuando sonaron las sirenas para anunciar un ataque a\u00e9reo en Tel Aviv, dijo el portavoz del gobierno en Washington. Tanto Blinken como Netanyahu salieron del refugio poco despu\u00e9s y continuaron su [&hellip;]<\/p>\n","protected":false},"author":35,"featured_media":124797,"comment_status":"open","ping_status":"open","sticky":false,"template":"","format":"standard","meta":{"_monsterinsights_skip_tracking":false,"_monsterinsights_sitenote_active":false,"_monsterinsights_sitenote_note":"","_monsterinsights_sitenote_category":0,"footnotes":""},"categories":[181],"tags":[19092,18622,3337,21019,27836],"class_list":["post-125213","post","type-post","status-publish","format-standard","has-post-thumbnail","hentry","category-internacional","tag-anthony-blinken","tag-antony-blinken","tag-israel","tag-netanyahu","tag-se-resguardan","wp-image-borders"],"amp_enabled":true,"_links":{"self":[{"href":"https:\/\/nvnoticias.mx\/index.php\/wp-json\/wp\/v2\/posts\/125213","targetHints":{"allow":["GET"]}}],"collection":[{"href":"https:\/\/nvnoticias.mx\/index.php\/wp-json\/wp\/v2\/posts"}],"about":[{"href":"https:\/\/nvnoticias.mx\/index.php\/wp-json\/wp\/v2\/types\/post"}],"author":[{"embeddable":true,"href":"https:\/\/nvnoticias.mx\/index.php\/wp-json\/wp\/v2\/users\/35"}],"replies":[{"embeddable":true,"href":"https:\/\/nvnoticias.mx\/index.php\/wp-json\/wp\/v2\/comments?post=125213"}],"version-history":[{"count":3,"href":"https:\/\/nvnoticias.mx\/index.php\/wp-json\/wp\/v2\/posts\/125213\/revisions"}],"predecessor-version":[{"id":125216,"href":"https:\/\/nvnoticias.mx\/index.php\/wp-json\/wp\/v2\/posts\/125213\/revisions\/125216"}],"wp:featuredmedia":[{"embeddable":true,"href":"https:\/\/nvnoticias.mx\/index.php\/wp-json\/wp\/v2\/media\/124797"}],"wp:attachment":[{"href":"https:\/\/nvnoticias.mx\/index.php\/wp-json\/wp\/v2\/media?parent=125213"}],"wp:term":[{"taxonomy":"category","embeddable":true,"href":"https:\/\/nvnoticias.mx\/index.php\/wp-json\/wp\/v2\/categories?post=125213"},{"taxonomy":"post_tag","embeddable":true,"href":"https:\/\/nvnoticias.mx\/index.php\/wp-json\/wp\/v2\/tags?post=125213"}],"curies":[{"name":"wp","href":"https:\/\/api.w.org\/{rel}","templated":true}]}}