{"id":125132,"date":"2023-10-16T10:31:46","date_gmt":"2023-10-16T15:31:46","guid":{"rendered":"https:\/\/nvnoticias.mx\/?p=125132"},"modified":"2023-10-16T10:31:47","modified_gmt":"2023-10-16T15:31:47","slug":"convocan-en-el-consejo-de-la-judicatura-a-paro-nacional-por-extincion-de-fideicomisos","status":"publish","type":"post","link":"https:\/\/nvnoticias.mx\/index.php\/2023\/10\/16\/convocan-en-el-consejo-de-la-judicatura-a-paro-nacional-por-extincion-de-fideicomisos\/","title":{"rendered":"Convocan en el Consejo de la Judicatura a paro nacional por extinci\u00f3n de fideicomisos"},"content":{"rendered":"\n<p>Juan Alberto Prado G\u00f3mez, secretario general del Sindicato Nacional de Renovaci\u00f3n al Servicio de los Trabajadores del<strong>\u00a0Poder Judicial<\/strong>, ante el Consejo de la Judicatura Federal, convoc\u00f3 este lunes un paro nacional en defensa del Poder Judicial de la Federaci\u00f3n.<\/p>\n\n\n\n<p>De acuerdo con la convocatoria, el paro tiene el objetivo de preservar la independencia de este poder, a trav\u00e9s de una \u201cmanifestaci\u00f3n pac\u00edfica\u201d que d\u00e9 a conocer a la sociedad y a los diversos actores pol\u00edticos las repercusiones que tendr\u00e1 la<strong>&nbsp;extinci\u00f3n de los fideicomisos<\/strong>, y en su momento un recorte presupuestal, afectando la impartici\u00f3n de justicia.<\/p>\n\n\n\n<p>Prado G\u00f3mez resalt\u00f3 que en d\u00edas pasados, la Comisi\u00f3n de Presupuesto y Cuenta P\u00fablica de la C\u00e1mara de Diputados aprob\u00f3 por 30 votos de Morena, Partido Verde y Partido del Trabajo, y 21 en contra de la oposici\u00f3n la reforma a la\u00a0<strong>Ley Org\u00e1nica del Poder Judicial de la Federaci\u00f3n<\/strong>, que pretende extinguir 13 de los 14 fondos y fideicomisos del Poder Judicial de la Federaci\u00f3n, los cuales ascienden a cerca de 15 mil 434 millones de pesos.<\/p>\n\n\n\n<p>Solicit\u00f3 que se declare inh\u00e1bil el d\u00eda 16 de octubre, para que puedan expresarse de manera libre y espont\u00e1nea, sin sanci\u00f3n o represalia alguna, salvo aquellos \u00f3rganos que est\u00e9n de guardia.<\/p>\n\n\n\n<blockquote class=\"wp-block-quote is-layout-flow wp-block-quote-is-layout-flow\"><p>\u201cPorque todos somos el Poder Judicial de la Federaci\u00f3n, y unidos somos fuertes. Esperando sea atendida la presente petici\u00f3n en sentido favorable y en beneficio de los trabajadores que formamos parte de tan noble instituci\u00f3n\u201d, puntualiz\u00f3.<\/p><\/blockquote>\n\n\n\n<p>Fuente: <a href=\"https:\/\/www.eluniversal.com.mx\/nacion\/convocan-en-el-consejo-de-la-judicatura-a-paro-nacional-hoy-por-extincion-de-fideicomisos\/\" data-type=\"URL\" data-id=\"https:\/\/www.eluniversal.com.mx\/nacion\/convocan-en-el-consejo-de-la-judicatura-a-paro-nacional-hoy-por-extincion-de-fideicomisos\/\">El Universal<\/a> <\/p>\n","protected":false},"excerpt":{"rendered":"<p>Juan Alberto Prado G\u00f3mez, secretario general del Sindicato Nacional de Renovaci\u00f3n al Servicio de los Trabajadores del\u00a0Poder Judicial, ante el Consejo de la Judicatura Federal, convoc\u00f3 este lunes un paro nacional en defensa del Poder Judicial de la Federaci\u00f3n. De acuerdo con la convocatoria, el paro tiene el objetivo de preservar la independencia de este [&hellip;]<\/p>\n","protected":false},"author":35,"featured_media":18640,"comment_status":"open","ping_status":"open","sticky":false,"template":"","format":"standard","meta":{"_monsterinsights_skip_tracking":false,"_monsterinsights_sitenote_active":false,"_monsterinsights_sitenote_note":"","_monsterinsights_sitenote_category":0,"footnotes":""},"categories":[158],"tags":[4717,16591,4892,14187,7550,162],"class_list":["post-125132","post","type-post","status-publish","format-standard","has-post-thumbnail","hentry","category-politica","tag-consejo-de-la-judicatura","tag-convocan","tag-fideicomisos","tag-hoy","tag-paro-nacional","tag-portada","wp-image-borders"],"amp_enabled":true,"_links":{"self":[{"href":"https:\/\/nvnoticias.mx\/index.php\/wp-json\/wp\/v2\/posts\/125132","targetHints":{"allow":["GET"]}}],"collection":[{"href":"https:\/\/nvnoticias.mx\/index.php\/wp-json\/wp\/v2\/posts"}],"about":[{"href":"https:\/\/nvnoticias.mx\/index.php\/wp-json\/wp\/v2\/types\/post"}],"author":[{"embeddable":true,"href":"https:\/\/nvnoticias.mx\/index.php\/wp-json\/wp\/v2\/users\/35"}],"replies":[{"embeddable":true,"href":"https:\/\/nvnoticias.mx\/index.php\/wp-json\/wp\/v2\/comments?post=125132"}],"version-history":[{"count":2,"href":"https:\/\/nvnoticias.mx\/index.php\/wp-json\/wp\/v2\/posts\/125132\/revisions"}],"predecessor-version":[{"id":125134,"href":"https:\/\/nvnoticias.mx\/index.php\/wp-json\/wp\/v2\/posts\/125132\/revisions\/125134"}],"wp:featuredmedia":[{"embeddable":true,"href":"https:\/\/nvnoticias.mx\/index.php\/wp-json\/wp\/v2\/media\/18640"}],"wp:attachment":[{"href":"https:\/\/nvnoticias.mx\/index.php\/wp-json\/wp\/v2\/media?parent=125132"}],"wp:term":[{"taxonomy":"category","embeddable":true,"href":"https:\/\/nvnoticias.mx\/index.php\/wp-json\/wp\/v2\/categories?post=125132"},{"taxonomy":"post_tag","embeddable":true,"href":"https:\/\/nvnoticias.mx\/index.php\/wp-json\/wp\/v2\/tags?post=125132"}],"curies":[{"name":"wp","href":"https:\/\/api.w.org\/{rel}","templated":true}]}}