{"id":125003,"date":"2023-10-14T14:15:43","date_gmt":"2023-10-14T19:15:43","guid":{"rendered":"https:\/\/nvnoticias.mx\/?p=125003"},"modified":"2023-10-14T15:15:45","modified_gmt":"2023-10-14T20:15:45","slug":"se-reunen-liderazgos-de-la-oposicion","status":"publish","type":"post","link":"https:\/\/nvnoticias.mx\/index.php\/2023\/10\/14\/se-reunen-liderazgos-de-la-oposicion\/","title":{"rendered":"Se re\u00fanen liderazgos de la oposici\u00f3n"},"content":{"rendered":"\n<p><strong>Jes\u00fas Utrilla | NV Noticias<\/strong><\/p>\n\n\n\n<p>El Delegado Distrital del Partido de la Revoluci\u00f3n Democr\u00e1tica (PRD), Antonio del R\u00edo Argud\u00edin mantuvo una importante reuni\u00f3n con liderazgos del Partido Acci\u00f3n Nacional (PAN) y dem\u00e1s integrantes de sus delegaci\u00f3n , con el fin de buscar acuerdos rumbo a la gran batalla en el 2024 y para atraer mejores beneficios para la poblaci\u00f3n veracruzana.<\/p>\n\n\n\n<blockquote class=\"wp-block-quote is-layout-flow wp-block-quote-is-layout-flow\"><p>\u201cHoy nos reunimos aqu\u00ed con el fin de hacer acuerdos rumbo a la elecci\u00f3n del 2024, y buscar ante todo el beneficio de la poblaci\u00f3n en general\u201d.<\/p><\/blockquote>\n\n\n\n<p>Antonio del R\u00edo Argud\u00edn, se reuni\u00f3 con los l\u00edderes juveniles del PAN, Yerali Ferto, los panistas Fabiola Velasco, Jair Garc\u00eda , adem\u00e1s del l\u00edder juvenil en la conurbada , Jos\u00e9 Antonio Reyes Mart\u00ednez.<\/p>\n\n\n\n<p>Del R\u00edo resalt\u00f3 la importancia de fortalecer la coalici\u00f3n del PAN y el PRD, y mantener la direcci\u00f3n de pol\u00edtica de trabajo del Dirigente Estatal del Sol Azteca, Sergio Cadena Martinez.<\/p>\n\n\n\n<blockquote class=\"wp-block-quote is-layout-flow wp-block-quote-is-layout-flow\"><p>\u201cVamos a fortalecer la coalici\u00f3n y vamos con la misma l\u00ednea de trabajo de nuestro l\u00edder estatal, de hacer una pol\u00edtica de trabajo constate para rescatar a Veracruz del desastre que caus\u00f3 Morena\u201d.<\/p><\/blockquote>\n\n\n\n<p>Por \u00faltimo, Antonio Del R\u00edo Argud\u00edn inform\u00f3 que ser\u00e1 el pr\u00f3ximo s\u00e1bado 21 de Octubre cuando el dirigente del PRD, Sergio Cadena; visite la zona del puerto, donde cortar\u00e1 el list\u00f3n de la inauguraci\u00f3n de la nueva casa del Sol Azteca en Veracruz.<\/p>\n","protected":false},"excerpt":{"rendered":"<p>Jes\u00fas Utrilla | NV Noticias El Delegado Distrital del Partido de la Revoluci\u00f3n Democr\u00e1tica (PRD), Antonio del R\u00edo Argud\u00edin mantuvo una importante reuni\u00f3n con liderazgos del Partido Acci\u00f3n Nacional (PAN) y dem\u00e1s integrantes de sus delegaci\u00f3n , con el fin de buscar acuerdos rumbo a la gran batalla en el 2024 y para atraer mejores [&hellip;]<\/p>\n","protected":false},"author":7,"featured_media":125004,"comment_status":"open","ping_status":"open","sticky":false,"template":"","format":"standard","meta":{"_monsterinsights_skip_tracking":false,"_monsterinsights_sitenote_active":false,"_monsterinsights_sitenote_note":"","_monsterinsights_sitenote_category":0,"footnotes":""},"categories":[154],"tags":[7079,24847,2855],"class_list":["post-125003","post","type-post","status-publish","format-standard","has-post-thumbnail","hentry","category-veracruz","tag-antonio-del-rio-argudin","tag-liderazgo","tag-oposicion","wp-image-borders"],"amp_enabled":false,"_links":{"self":[{"href":"https:\/\/nvnoticias.mx\/index.php\/wp-json\/wp\/v2\/posts\/125003","targetHints":{"allow":["GET"]}}],"collection":[{"href":"https:\/\/nvnoticias.mx\/index.php\/wp-json\/wp\/v2\/posts"}],"about":[{"href":"https:\/\/nvnoticias.mx\/index.php\/wp-json\/wp\/v2\/types\/post"}],"author":[{"embeddable":true,"href":"https:\/\/nvnoticias.mx\/index.php\/wp-json\/wp\/v2\/users\/7"}],"replies":[{"embeddable":true,"href":"https:\/\/nvnoticias.mx\/index.php\/wp-json\/wp\/v2\/comments?post=125003"}],"version-history":[{"count":2,"href":"https:\/\/nvnoticias.mx\/index.php\/wp-json\/wp\/v2\/posts\/125003\/revisions"}],"predecessor-version":[{"id":125016,"href":"https:\/\/nvnoticias.mx\/index.php\/wp-json\/wp\/v2\/posts\/125003\/revisions\/125016"}],"wp:featuredmedia":[{"embeddable":true,"href":"https:\/\/nvnoticias.mx\/index.php\/wp-json\/wp\/v2\/media\/125004"}],"wp:attachment":[{"href":"https:\/\/nvnoticias.mx\/index.php\/wp-json\/wp\/v2\/media?parent=125003"}],"wp:term":[{"taxonomy":"category","embeddable":true,"href":"https:\/\/nvnoticias.mx\/index.php\/wp-json\/wp\/v2\/categories?post=125003"},{"taxonomy":"post_tag","embeddable":true,"href":"https:\/\/nvnoticias.mx\/index.php\/wp-json\/wp\/v2\/tags?post=125003"}],"curies":[{"name":"wp","href":"https:\/\/api.w.org\/{rel}","templated":true}]}}