{"id":124875,"date":"2023-10-13T10:27:12","date_gmt":"2023-10-13T15:27:12","guid":{"rendered":"https:\/\/nvnoticias.mx\/?p=124875"},"modified":"2023-10-13T10:28:13","modified_gmt":"2023-10-13T15:28:13","slug":"reinstala-texas-reten-en-cruce-de-nl","status":"publish","type":"post","link":"https:\/\/nvnoticias.mx\/index.php\/2023\/10\/13\/reinstala-texas-reten-en-cruce-de-nl\/","title":{"rendered":"Reinstala Texas ret\u00e9n en cruce de NL"},"content":{"rendered":"\n<p><br>La&nbsp;<strong>C\u00e1mara Nacional del Autotransporte de Carga<\/strong>&nbsp;(<strong>Canacar<\/strong>) inform\u00f3 que a dos d\u00edas de reabrirse el&nbsp;<strong>Puente C\u00f3rdova-Las Am\u00e9ricas<\/strong>, agentes texanos reinstalaron retenes para realizar revisiones a camiones mexicanos, ahora en&nbsp;la salida del&nbsp;<strong>Puente Colombia<\/strong>, en la colindancia con Nuevo Le\u00f3n.<\/p>\n\n\n\n<p>De forma unilateral, indic\u00f3\u00a0<strong>Canacar\u00a0<\/strong>mediante un comunicado, ahora llevan a cabo revisiones exhaustivas.\u00a0Esto pese al acuerdo que hab\u00eda logrado el gobierno de Nuevo Le\u00f3n con el de Texas, que encabeza\u00a0Greg Abbott, para agilizar el paso de unidades de carga pesada hacia la ciudad de Laredo a trav\u00e9s del\u00a0<strong>Puente Colombia<\/strong>.<\/p>\n\n\n\n<p>La&nbsp;<strong>Canacar&nbsp;<\/strong>se\u00f1al\u00f3 que esta nueva medida provocar\u00e1 aumentos&nbsp;en los rezagos de exportaciones, que&nbsp;superan las 20 mil unidades con un valor comercial de m\u00e1s de 2 mil millones de d\u00f3lares.<\/p>\n\n\n\n<p>El organismo record\u00f3 que han pasado 24 d\u00edas desde que la administraci\u00f3n del gobernador\u00a0<strong>Abbott\u00a0<\/strong>tom\u00f3 la decisi\u00f3n unilateral de frenar el flujo de unidades que transitan por los puentes que dividen a la regi\u00f3n de Ciudad Ju\u00e1rez con El Paso, Texas, y\u00a0ahora en\u00a0<strong>Puente Colombia<\/strong>.\u00a0\u201cEsta medida ha generado graves afectaciones al\u00a0<strong>comercio M\u00e9xico-EU<\/strong>\u00a0y p\u00e9rdidas millonarias para las industrias en ambos lados de la frontera\u201d.<\/p>\n\n\n\n<p>Una misiva que el presidente del\u00a0<strong>Consejo Empresarial Mexicano de Comercio Exterior, Inversi\u00f3n y Tecnolog\u00eda<\/strong>\u00a0(<strong>Comce<\/strong>) Noreste Laredo envi\u00f3 a los socios del C<strong>onsejo Mexicano de Comercio Exterior del Noreste<\/strong>, Laredo, se\u00f1al\u00f3 que \u201clas inspecciones de camiones las est\u00e1n realizando ahora en las instalaciones afuera del\u00a0<strong>Puente Colombia<\/strong>\u00a0<strong>Solidaridad<\/strong>, por lo que se esperan retrasos considerables\u201d.<\/p>\n\n\n\n<p><strong>Comce&nbsp;<\/strong><strong>Noreste<\/strong>, Laredo, dijo que hasta el momento no se est\u00e1n realizando inspecciones del DPS (<strong>Department of Public Safety<\/strong>) en el Puente del Comercio Mundial. Su vocer\u00eda&nbsp;indic\u00f3 que el tiempo estimado de cruce es de 40 minutos en el Puerto Colombia.<\/p>\n\n\n\n<p>Aunque en Nuevo Le\u00f3n no tiene problemas de la poblaci\u00f3n migrante, la medida adoptada por el&nbsp;<strong>Departamento de Seguridad P\u00fablica de Texas<\/strong>, s\u00ed&nbsp;afecta la operaci\u00f3n de los cruces en el&nbsp;<strong>Puerto Colombia<\/strong>, consider\u00f3 Zelina Fern\u00e1ndez, directora de Index Nuevo Le\u00f3n.<\/p>\n\n\n\n<p>Coment\u00f3 que desde la ma\u00f1ana han estado en contacto con\u00a0<strong>Puerto Colombia<\/strong>, donde\u00a0les informaron\u00a0que las inspecciones del\u00a0<strong>DPS\u00a0<\/strong>estar\u00e1n hasta el domingo.<\/p>\n\n\n\n<p>Fuente: <a href=\"https:\/\/www.milenio.com\/politica\/texas-reinstala-reten-cruce-nl-pese-pacto\" data-type=\"URL\" data-id=\"https:\/\/www.milenio.com\/politica\/texas-reinstala-reten-cruce-nl-pese-pacto\">Milenio<\/a><\/p>\n","protected":false},"excerpt":{"rendered":"<p>La&nbsp;C\u00e1mara Nacional del Autotransporte de Carga&nbsp;(Canacar) inform\u00f3 que a dos d\u00edas de reabrirse el&nbsp;Puente C\u00f3rdova-Las Am\u00e9ricas, agentes texanos reinstalaron retenes para realizar revisiones a camiones mexicanos, ahora en&nbsp;la salida del&nbsp;Puente Colombia, en la colindancia con Nuevo Le\u00f3n. De forma unilateral, indic\u00f3\u00a0Canacar\u00a0mediante un comunicado, ahora llevan a cabo revisiones exhaustivas.\u00a0Esto pese al acuerdo que hab\u00eda logrado [&hellip;]<\/p>\n","protected":false},"author":35,"featured_media":124879,"comment_status":"open","ping_status":"open","sticky":false,"template":"","format":"standard","meta":{"_monsterinsights_skip_tracking":false,"_monsterinsights_sitenote_active":false,"_monsterinsights_sitenote_note":"","_monsterinsights_sitenote_category":0,"footnotes":""},"categories":[181],"tags":[20460,1095,27786,918],"class_list":["post-124875","post","type-post","status-publish","format-standard","has-post-thumbnail","hentry","category-internacional","tag-cruce","tag-nuevo-leon","tag-reinstala","tag-texas","wp-image-borders"],"amp_enabled":true,"_links":{"self":[{"href":"https:\/\/nvnoticias.mx\/index.php\/wp-json\/wp\/v2\/posts\/124875","targetHints":{"allow":["GET"]}}],"collection":[{"href":"https:\/\/nvnoticias.mx\/index.php\/wp-json\/wp\/v2\/posts"}],"about":[{"href":"https:\/\/nvnoticias.mx\/index.php\/wp-json\/wp\/v2\/types\/post"}],"author":[{"embeddable":true,"href":"https:\/\/nvnoticias.mx\/index.php\/wp-json\/wp\/v2\/users\/35"}],"replies":[{"embeddable":true,"href":"https:\/\/nvnoticias.mx\/index.php\/wp-json\/wp\/v2\/comments?post=124875"}],"version-history":[{"count":3,"href":"https:\/\/nvnoticias.mx\/index.php\/wp-json\/wp\/v2\/posts\/124875\/revisions"}],"predecessor-version":[{"id":124878,"href":"https:\/\/nvnoticias.mx\/index.php\/wp-json\/wp\/v2\/posts\/124875\/revisions\/124878"}],"wp:featuredmedia":[{"embeddable":true,"href":"https:\/\/nvnoticias.mx\/index.php\/wp-json\/wp\/v2\/media\/124879"}],"wp:attachment":[{"href":"https:\/\/nvnoticias.mx\/index.php\/wp-json\/wp\/v2\/media?parent=124875"}],"wp:term":[{"taxonomy":"category","embeddable":true,"href":"https:\/\/nvnoticias.mx\/index.php\/wp-json\/wp\/v2\/categories?post=124875"},{"taxonomy":"post_tag","embeddable":true,"href":"https:\/\/nvnoticias.mx\/index.php\/wp-json\/wp\/v2\/tags?post=124875"}],"curies":[{"name":"wp","href":"https:\/\/api.w.org\/{rel}","templated":true}]}}