{"id":124852,"date":"2023-10-12T20:23:25","date_gmt":"2023-10-13T01:23:25","guid":{"rendered":"https:\/\/nvnoticias.mx\/?p=124852"},"modified":"2023-10-12T20:23:27","modified_gmt":"2023-10-13T01:23:27","slug":"el-aguila-inicia-lim-con-17-veracruzanos","status":"publish","type":"post","link":"https:\/\/nvnoticias.mx\/index.php\/2023\/10\/12\/el-aguila-inicia-lim-con-17-veracruzanos\/","title":{"rendered":"El \u00c1guila inicia LIM con 17 veracruzanos"},"content":{"rendered":"\n<p>Con 17 veracruzanos en su roster arropados por j\u00f3venes peloteros con experiencia en Liga Mexicana de Beisbol, El \u00c1guila de Veracruz arranca su participaci\u00f3n en la Liga Invernal Mexicana 2023.<\/p>\n\n\n\n<p>Para la organizaci\u00f3n de El \u00c1guila de Veracruz y la Direcci\u00f3n Deportiva que encabeza Jes\u00fas Valdez cada a\u00f1o se consolida la meta de regresar el sentido de pertenencia a El Glorioso con jugadores veracruzanos.<\/p>\n\n\n\n<p>Gracias al apoyo del proyecto de beisbol en el estado, La Copa Veracruz y su Presidente, Mtro. Vladimir Cruz Acosta, muchos j\u00f3venes pudieron probarse en los tryouts que se realizaron en distintos municipios de Veracruz.<\/p>\n\n\n\n<p>El roster de El \u00c1guila de Veracruz para esta Liga Invernal Mexicana es de 28 jugadores, donde 17 son del estado de Veracruz: Raziel Sedas (puerto de Veracruz), Armando Reyes (puerto de Veracruz), Ricardo Rinc\u00f3n (C\u00f3rdoba), Amancio Soberano (puerto de Veracruz), Pedro Mojica (puerto de Veracruz), Ettienne \u00c1lvarez (Coatzacoalcos), Alejandro Romero (Cuitl\u00e1huac), Rodrigo Cobos (Poza Rica), Rolando Hermida (Cosamaloapan), Uriel Ferman (puerto de Veracruz), V\u00edctor Contreras (C\u00f3rdoba), Juan de Dios L\u00f3pez (C\u00f3rdoba), Chanti Rivera (puerto de Veracruz), Luis \u00c1ngel Salom\u00f3n (puerto de Veracruz), Leonardo Leal (puerto de Veracruz) y los casos particulares de Claret Fonseca y Cristian Romero que aunque nacieron en Tuxtepec, Oaxaca, residen desde hace a\u00f1os en el municipio de Chacaltianguis, Veracruz.<\/p>\n\n\n\n<p>El \u00c1guila de Veracruz abrir\u00e1 su participaci\u00f3n como local en la Liga Invernal Mexicana, en el estadio Deportivo Col\u00f3n, el s\u00e1bado 14 de octubre cuando reciban a los Pericos de Puebla.<\/p>\n","protected":false},"excerpt":{"rendered":"<p>Con 17 veracruzanos en su roster arropados por j\u00f3venes peloteros con experiencia en Liga Mexicana de Beisbol, El \u00c1guila de Veracruz arranca su participaci\u00f3n en la Liga Invernal Mexicana 2023. Para la organizaci\u00f3n de El \u00c1guila de Veracruz y la Direcci\u00f3n Deportiva que encabeza Jes\u00fas Valdez cada a\u00f1o se consolida la meta de regresar el [&hellip;]<\/p>\n","protected":false},"author":8,"featured_media":124853,"comment_status":"open","ping_status":"open","sticky":false,"template":"","format":"standard","meta":{"_monsterinsights_skip_tracking":false,"_monsterinsights_sitenote_active":false,"_monsterinsights_sitenote_note":"","_monsterinsights_sitenote_category":0,"footnotes":""},"categories":[159],"tags":[1195,6341],"class_list":["post-124852","post","type-post","status-publish","format-standard","has-post-thumbnail","hentry","category-deportes","tag-el-aguila-de-veracruz","tag-liga-invernal-mexicana","wp-image-borders"],"amp_enabled":true,"_links":{"self":[{"href":"https:\/\/nvnoticias.mx\/index.php\/wp-json\/wp\/v2\/posts\/124852","targetHints":{"allow":["GET"]}}],"collection":[{"href":"https:\/\/nvnoticias.mx\/index.php\/wp-json\/wp\/v2\/posts"}],"about":[{"href":"https:\/\/nvnoticias.mx\/index.php\/wp-json\/wp\/v2\/types\/post"}],"author":[{"embeddable":true,"href":"https:\/\/nvnoticias.mx\/index.php\/wp-json\/wp\/v2\/users\/8"}],"replies":[{"embeddable":true,"href":"https:\/\/nvnoticias.mx\/index.php\/wp-json\/wp\/v2\/comments?post=124852"}],"version-history":[{"count":1,"href":"https:\/\/nvnoticias.mx\/index.php\/wp-json\/wp\/v2\/posts\/124852\/revisions"}],"predecessor-version":[{"id":124854,"href":"https:\/\/nvnoticias.mx\/index.php\/wp-json\/wp\/v2\/posts\/124852\/revisions\/124854"}],"wp:featuredmedia":[{"embeddable":true,"href":"https:\/\/nvnoticias.mx\/index.php\/wp-json\/wp\/v2\/media\/124853"}],"wp:attachment":[{"href":"https:\/\/nvnoticias.mx\/index.php\/wp-json\/wp\/v2\/media?parent=124852"}],"wp:term":[{"taxonomy":"category","embeddable":true,"href":"https:\/\/nvnoticias.mx\/index.php\/wp-json\/wp\/v2\/categories?post=124852"},{"taxonomy":"post_tag","embeddable":true,"href":"https:\/\/nvnoticias.mx\/index.php\/wp-json\/wp\/v2\/tags?post=124852"}],"curies":[{"name":"wp","href":"https:\/\/api.w.org\/{rel}","templated":true}]}}