{"id":124682,"date":"2023-10-11T20:21:37","date_gmt":"2023-10-12T01:21:37","guid":{"rendered":"https:\/\/nvnoticias.mx\/?p=124682"},"modified":"2023-10-11T20:22:19","modified_gmt":"2023-10-12T01:22:19","slug":"abanderado-del-frente-en-veracruz-debe-ser-por-encuesta-y-sin-importar-el-genero","status":"publish","type":"post","link":"https:\/\/nvnoticias.mx\/index.php\/2023\/10\/11\/abanderado-del-frente-en-veracruz-debe-ser-por-encuesta-y-sin-importar-el-genero\/","title":{"rendered":"Abanderado del Frente en Veracruz debe ser por encuesta y sin importar el g\u00e9nero"},"content":{"rendered":"\n<p><strong>Jes\u00fas Utrilla \/ NV Noticias<\/strong><\/p>\n\n\n\n<p>La elecci\u00f3n del candidato del Frente Amplio en Veracruz no debe ser por g\u00e9nero, pero s\u00ed por encuesta, consider\u00f3 el analista pol\u00edtico Fernando V\u00e1zquez Rigada.<\/p>\n\n\n\n<p>Dijo que no debe ser el PRI, ni el PAN ni el PRD sino los veracruzanos los que definan sin importar si es hombre o mujer, sino que pueda ganar.<\/p>\n\n\n\n<blockquote class=\"wp-block-quote is-layout-flow wp-block-quote-is-layout-flow\"><p>\u201c<em>No es una cuesti\u00f3n de g\u00e9nero sino de definir qui\u00e9n es el mejor perfil, que convenza y que defina la sociedad<\/em>\u201d.<\/p><\/blockquote>\n\n\n\n<p>Consider\u00f3 que sea positivo que el Frente Amplio defina a su candidato mediante encuesta. Afirm\u00f3 que dicha alianza se encuentra en unidad y su m\u00e9todo y elecci\u00f3n ser\u00e1 transparente y democr\u00e1tico, para poder ganar la gubernatura.<\/p>\n\n\n\n<p>Estar\u00e1n en disputa 20 mil cargos p\u00fablicos, en 2024, entre 9 gubernatura de las cuales seis son de los padrones m\u00e1s grandes del pa\u00eds, como Ciudad de M\u00e9xico, Jalisco y Veracruz, por citar algunos.<\/p>\n\n\n\n<blockquote class=\"wp-block-quote is-layout-flow wp-block-quote-is-layout-flow\"><p>\u201c<em>Se van a renovar los distintos cargos p\u00fablicos. En Veracruz somos competitivos. Tenemos la oportunidad de que en estos grandes padrones tengamos motores adicionales<\/em>\u201d.<\/p><\/blockquote>\n\n\n\n<p>Los j\u00f3venes constituyen un tercio de la lista nominal, pero de 18 a 25 a\u00f1os son los que m\u00e1s se abstienen de votar. Por ello primero hay que escucharlo. <\/p>\n\n\n\n<p>Adem\u00e1s, creen en causas gen\u00e9ricas como medio ambiente, mascotas, entre otros y por ah\u00ed podr\u00eda captarse su atenci\u00f3n.<\/p>\n","protected":false},"excerpt":{"rendered":"<p>Jes\u00fas Utrilla \/ NV Noticias La elecci\u00f3n del candidato del Frente Amplio en Veracruz no debe ser por g\u00e9nero, pero s\u00ed por encuesta, consider\u00f3 el analista pol\u00edtico Fernando V\u00e1zquez Rigada. Dijo que no debe ser el PRI, ni el PAN ni el PRD sino los veracruzanos los que definan sin importar si es hombre o [&hellip;]<\/p>\n","protected":false},"author":8,"featured_media":124683,"comment_status":"open","ping_status":"open","sticky":false,"template":"","format":"standard","meta":{"_monsterinsights_skip_tracking":false,"_monsterinsights_sitenote_active":false,"_monsterinsights_sitenote_note":"","_monsterinsights_sitenote_category":0,"footnotes":""},"categories":[154],"tags":[26179,180],"class_list":["post-124682","post","type-post","status-publish","format-standard","has-post-thumbnail","hentry","category-veracruz","tag-frente-amplio-por-mexico","tag-veracruz","wp-image-borders"],"amp_enabled":true,"_links":{"self":[{"href":"https:\/\/nvnoticias.mx\/index.php\/wp-json\/wp\/v2\/posts\/124682","targetHints":{"allow":["GET"]}}],"collection":[{"href":"https:\/\/nvnoticias.mx\/index.php\/wp-json\/wp\/v2\/posts"}],"about":[{"href":"https:\/\/nvnoticias.mx\/index.php\/wp-json\/wp\/v2\/types\/post"}],"author":[{"embeddable":true,"href":"https:\/\/nvnoticias.mx\/index.php\/wp-json\/wp\/v2\/users\/8"}],"replies":[{"embeddable":true,"href":"https:\/\/nvnoticias.mx\/index.php\/wp-json\/wp\/v2\/comments?post=124682"}],"version-history":[{"count":2,"href":"https:\/\/nvnoticias.mx\/index.php\/wp-json\/wp\/v2\/posts\/124682\/revisions"}],"predecessor-version":[{"id":124685,"href":"https:\/\/nvnoticias.mx\/index.php\/wp-json\/wp\/v2\/posts\/124682\/revisions\/124685"}],"wp:featuredmedia":[{"embeddable":true,"href":"https:\/\/nvnoticias.mx\/index.php\/wp-json\/wp\/v2\/media\/124683"}],"wp:attachment":[{"href":"https:\/\/nvnoticias.mx\/index.php\/wp-json\/wp\/v2\/media?parent=124682"}],"wp:term":[{"taxonomy":"category","embeddable":true,"href":"https:\/\/nvnoticias.mx\/index.php\/wp-json\/wp\/v2\/categories?post=124682"},{"taxonomy":"post_tag","embeddable":true,"href":"https:\/\/nvnoticias.mx\/index.php\/wp-json\/wp\/v2\/tags?post=124682"}],"curies":[{"name":"wp","href":"https:\/\/api.w.org\/{rel}","templated":true}]}}