{"id":124656,"date":"2023-10-11T16:47:35","date_gmt":"2023-10-11T21:47:35","guid":{"rendered":"https:\/\/nvnoticias.mx\/?p=124656"},"modified":"2023-10-11T16:47:37","modified_gmt":"2023-10-11T21:47:37","slug":"no-es-momento-de-negociar-sino-de-una-guerra-larga-y-dura-israel","status":"publish","type":"post","link":"https:\/\/nvnoticias.mx\/index.php\/2023\/10\/11\/no-es-momento-de-negociar-sino-de-una-guerra-larga-y-dura-israel\/","title":{"rendered":"No es momento de negociar sino de una &#8220;guerra larga y dura&#8221;: Israel"},"content":{"rendered":"\n<p>El portavoz del Ministerio de Exteriores de&nbsp;<strong>Israel<\/strong>, Lior Haiat, asegur\u00f3 que&nbsp;<strong>&#8220;no es el momento de negociar&#8221; con el grupo islamista Hamas<\/strong>&nbsp;para el rescate de las entre 100 y 150 personas que el Gobierno israel\u00ed cree que han sido secuestradas o capturadas por los milicianos palestinos.<\/p>\n\n\n\n<blockquote class=\"wp-block-quote is-layout-flow wp-block-quote-is-layout-flow\"><p>&#8220;No es el momento de negociar. Todav\u00eda estamos en guerra. Estamos contando nuestros cuerpos. Seguimos luchando contra los terroristas en nuestro territorio&#8221;, dijo Haiat en una rueda de prensa virtual, tras ser preguntado sobre el posible env\u00edo por parte de&nbsp;<strong>Canad\u00e1<\/strong>&nbsp;de un equipo de expertos en&nbsp;<strong>rescate de rehenes<\/strong>.<\/p><\/blockquote>\n\n\n\n<p>Haiat subray\u00f3 que&nbsp;<strong>no se negociar\u00e1 hasta que concluya la primera parte de la operaci\u00f3n militar<\/strong>.<\/p>\n\n\n\n<p>El portavoz record\u00f3 que hay 300 mil militares desplegados entorno a la&nbsp;<strong>Franja de Gaza&nbsp;<\/strong>y la frontera con&nbsp;<strong>L\u00edbano<\/strong>, donde ha aumentado la tensi\u00f3n con el grupo chi\u00ed liban\u00e9s&nbsp;<strong>Hizbul\u00e1&nbsp;<\/strong>en las \u00faltimas horas e insisti\u00f3 en que &#8220;Israel est\u00e1 en guerra y har\u00e1 todo lo que sea necesario para ganarla. No tenemos otra opci\u00f3n&#8221;.<\/p>\n\n\n\n<p>En este sentido, apunt\u00f3 que &#8220;la&nbsp;<strong>guerra contra Ham\u00e1s<\/strong>&nbsp;no va a ser una operaci\u00f3n corta, sino a una&nbsp;<strong>guerra larga y dura<\/strong>&#8220;.<\/p>\n\n\n\n<blockquote class=\"wp-block-quote is-layout-flow wp-block-quote-is-layout-flow\"><p>&#8220;Comenzaremos nuestro ataque contra la infraestructura de Ham\u00e1s en Gaza y nuestro objetivo es crear una nueva realidad en la que la organizaci\u00f3n terrorista Hamas no sea capaz de volver a atacar a civiles israel\u00edes como lo ha hecho&#8221;, dijo.<\/p><\/blockquote>\n\n\n\n<p>Por su parte, el portavoz del Ej\u00e9rcito israel\u00ed, Peter Lerner, record\u00f3 que las&nbsp;<strong>operaciones militares contra Hamas se dirimen en tres ejes<\/strong>:<\/p>\n\n\n\n<p>El primero gira en torno a la&nbsp;<strong>defensa del territorio israel\u00ed<\/strong>&nbsp;ante la posibilidad de que &#8220;haya terroristas en territorio israel\u00ed&#8221; y a la evacuaci\u00f3n de las personas que se encuentran en la l\u00ednea del frente.<\/p>\n\n\n\n<p>Lerner precis\u00f3 que ya se ha evacuado a la &#8220;mayor\u00eda de las personas&#8221; que lo solicitaron.<\/p>\n\n\n\n<p>En cuanto al segundo eje, se refiri\u00f3 a las operaciones militares que est\u00e1n en marcha y cuyo objetivo es &#8220;<strong>acabar con la capacidad de Ham\u00e1s para que no vuelva nunca a causar da\u00f1o en Israel<\/strong>&#8220;, que incluye &#8220;destrozar&#8221; la infraestructura gubernamental y operacional del grupo.<\/p>\n\n\n\n<p>Fuente:<a href=\"https:\/\/www.eluniversal.com.mx\/mundo\/no-es-momento-de-negociar-sino-de-una-guerra-larga-y-dura-dice-israel\/\" data-type=\"URL\" data-id=\"https:\/\/www.eluniversal.com.mx\/mundo\/no-es-momento-de-negociar-sino-de-una-guerra-larga-y-dura-dice-israel\/\"> El Universal<\/a> <\/p>\n","protected":false},"excerpt":{"rendered":"<p>El portavoz del Ministerio de Exteriores de&nbsp;Israel, Lior Haiat, asegur\u00f3 que&nbsp;&#8220;no es el momento de negociar&#8221; con el grupo islamista Hamas&nbsp;para el rescate de las entre 100 y 150 personas que el Gobierno israel\u00ed cree que han sido secuestradas o capturadas por los milicianos palestinos. &#8220;No es el momento de negociar. Todav\u00eda estamos en guerra. [&hellip;]<\/p>\n","protected":false},"author":35,"featured_media":124114,"comment_status":"open","ping_status":"open","sticky":false,"template":"","format":"standard","meta":{"_monsterinsights_skip_tracking":false,"_monsterinsights_sitenote_active":false,"_monsterinsights_sitenote_note":"","_monsterinsights_sitenote_category":0,"footnotes":""},"categories":[181],"tags":[187,3337,11232],"class_list":["post-124656","post","type-post","status-publish","format-standard","has-post-thumbnail","hentry","category-internacional","tag-guerra","tag-israel","tag-negociar","wp-image-borders"],"amp_enabled":true,"_links":{"self":[{"href":"https:\/\/nvnoticias.mx\/index.php\/wp-json\/wp\/v2\/posts\/124656","targetHints":{"allow":["GET"]}}],"collection":[{"href":"https:\/\/nvnoticias.mx\/index.php\/wp-json\/wp\/v2\/posts"}],"about":[{"href":"https:\/\/nvnoticias.mx\/index.php\/wp-json\/wp\/v2\/types\/post"}],"author":[{"embeddable":true,"href":"https:\/\/nvnoticias.mx\/index.php\/wp-json\/wp\/v2\/users\/35"}],"replies":[{"embeddable":true,"href":"https:\/\/nvnoticias.mx\/index.php\/wp-json\/wp\/v2\/comments?post=124656"}],"version-history":[{"count":4,"href":"https:\/\/nvnoticias.mx\/index.php\/wp-json\/wp\/v2\/posts\/124656\/revisions"}],"predecessor-version":[{"id":124660,"href":"https:\/\/nvnoticias.mx\/index.php\/wp-json\/wp\/v2\/posts\/124656\/revisions\/124660"}],"wp:featuredmedia":[{"embeddable":true,"href":"https:\/\/nvnoticias.mx\/index.php\/wp-json\/wp\/v2\/media\/124114"}],"wp:attachment":[{"href":"https:\/\/nvnoticias.mx\/index.php\/wp-json\/wp\/v2\/media?parent=124656"}],"wp:term":[{"taxonomy":"category","embeddable":true,"href":"https:\/\/nvnoticias.mx\/index.php\/wp-json\/wp\/v2\/categories?post=124656"},{"taxonomy":"post_tag","embeddable":true,"href":"https:\/\/nvnoticias.mx\/index.php\/wp-json\/wp\/v2\/tags?post=124656"}],"curies":[{"name":"wp","href":"https:\/\/api.w.org\/{rel}","templated":true}]}}