{"id":124304,"date":"2023-10-09T14:24:11","date_gmt":"2023-10-09T19:24:11","guid":{"rendered":"https:\/\/nvnoticias.mx\/?p=124304"},"modified":"2023-10-09T14:27:52","modified_gmt":"2023-10-09T19:27:52","slug":"inicia-la-demolicion-de-las-antiguas-bodegas-de-autos-del-puerto-de-veracruz","status":"publish","type":"post","link":"https:\/\/nvnoticias.mx\/index.php\/2023\/10\/09\/inicia-la-demolicion-de-las-antiguas-bodegas-de-autos-del-puerto-de-veracruz\/","title":{"rendered":"Inicia la demolici\u00f3n de las antiguas bodegas de autos del puerto de Veracruz"},"content":{"rendered":"\n<p><strong>Jes\u00fas Utrilla \/ NV Noticias<\/strong><\/p>\n\n\n\n<p>Con los trabajos de demolici\u00f3n de las bodegas que se encuentran atr\u00e1s del mercado de artesan\u00edas en el Malec\u00f3n de Veracruz, denominadas &#8220;park-garage&#8221; o bodegas de Clinker, se devolver\u00e1 la vista del mar al centro hist\u00f3rico, se\u00f1al\u00f3&nbsp;la alcaldesa de Veracruz, Patricia Lobeira Rodr\u00edguez.<\/p>\n\n\n\n<p>Confirm\u00f3 que se iniciaron los trabajos de derribe de la bodega de auto, donde se pretende la construcci\u00f3n de una plaza p\u00fablica el pr\u00f3ximo a\u00f1o.<\/p>\n\n\n\n<p>Dijo que de acuerdo al anuncio de la&nbsp;Administraci\u00f3n del Sistema Portuario Nacional (ASIPONA) de Veracruz, se estar\u00eda derribado esta bodega que por a\u00f1os alberg\u00f3 veh\u00edculos de importaci\u00f3n y exportaci\u00f3n.<\/p>\n\n\n\n<p>La obra estar\u00e1 a cargo de la Administraci\u00f3n del Sistema Portuario Nacional de Veracruz (Asiponaver) y&nbsp;cuenta con el respaldo de las autoridades federales y municipales, incluso del propio Instituto Nacional de Antropolog\u00eda e Historia (INAH).<\/p>\n\n\n\n<p>La construcci\u00f3n iniciar\u00e1 en 2024 y se prev\u00e9 que la plaza quede concluida en ese mismo a\u00f1o.<br>Esta se denominar\u00eda Plaza Hero\u00edsmo Veracruzano, y estar\u00eda ubicada atr\u00e1s del Mercado de Artesan\u00edas sobre el Malec\u00f3n en esta ciudad de Veracruz.<\/p>\n\n\n\n<blockquote class=\"wp-block-quote is-layout-flow wp-block-quote-is-layout-flow\"><p>\u201c<em>Ya hemos tenido diferentes reuniones con la ASIPONA van ya comenzando con esta obra, es una plaza que quieren hacer por parte de la Secretar\u00eda de Marina y es una plaza para devolverle a la ciudadan\u00eda ese espacio p\u00fablico, pero sobre todo de volver la vista desde el mar hacia el centro hist\u00f3rico. La realidad es que antes se pod\u00eda ver la ciudad y hab\u00eda una conexi\u00f3n entre el mar y el centro hist\u00f3rico y a partir de que pusieron esas bodegas pues eso se interrumpi\u00f3<\/em>\u201d.<\/p><\/blockquote>\n\n\n\n<p>Cabe mencionar que parte de las bardas ya fueron derribadas y se trabaja en el desmantelamiento de las estructuras met\u00e1licas y rampas que se encuentran al interior del inmueble.<\/p>\n\n\n\n<p>Plaza Hero\u00edsmo Veracruzano formar\u00e1 parte del proyecto de revitalizaci\u00f3n del Centro Hist\u00f3rico, que permitir\u00e1 que el mar sea visto desde el corredor Zamora.<\/p>\n\n\n\n<p>La alcaldesa fue entrevistada en el marco de la supervisi\u00f3n de la obra de rehabilitaci\u00f3n integral con asfalto de la calle de Cerro&nbsp;Pizarro, entre Aconcagua e Iztaccihuatl en el Fraccionamiento Los Volcanes.<\/p>\n\n\n\n<p>Son mil metros cuadrados de asfalto, pero ser\u00e1 una obra integral que abarcar\u00e1 lo hidr\u00e1ulico, guarniciones, banquetas y tambi\u00e9n alumbrado<\/p>\n","protected":false},"excerpt":{"rendered":"<p>Jes\u00fas Utrilla \/ NV Noticias Con los trabajos de demolici\u00f3n de las bodegas que se encuentran atr\u00e1s del mercado de artesan\u00edas en el Malec\u00f3n de Veracruz, denominadas &#8220;park-garage&#8221; o bodegas de Clinker, se devolver\u00e1 la vista del mar al centro hist\u00f3rico, se\u00f1al\u00f3&nbsp;la alcaldesa de Veracruz, Patricia Lobeira Rodr\u00edguez. Confirm\u00f3 que se iniciaron los trabajos de [&hellip;]<\/p>\n","protected":false},"author":8,"featured_media":124305,"comment_status":"open","ping_status":"open","sticky":false,"template":"","format":"standard","meta":{"_monsterinsights_skip_tracking":false,"_monsterinsights_sitenote_active":false,"_monsterinsights_sitenote_note":"","_monsterinsights_sitenote_category":0,"footnotes":""},"categories":[154],"tags":[13378,24760,2738,162],"class_list":["post-124304","post","type-post","status-publish","format-standard","has-post-thumbnail","hentry","category-veracruz","tag-bodegas","tag-demolicion","tag-malecon-de-veracruz","tag-portada","wp-image-borders"],"amp_enabled":true,"_links":{"self":[{"href":"https:\/\/nvnoticias.mx\/index.php\/wp-json\/wp\/v2\/posts\/124304","targetHints":{"allow":["GET"]}}],"collection":[{"href":"https:\/\/nvnoticias.mx\/index.php\/wp-json\/wp\/v2\/posts"}],"about":[{"href":"https:\/\/nvnoticias.mx\/index.php\/wp-json\/wp\/v2\/types\/post"}],"author":[{"embeddable":true,"href":"https:\/\/nvnoticias.mx\/index.php\/wp-json\/wp\/v2\/users\/8"}],"replies":[{"embeddable":true,"href":"https:\/\/nvnoticias.mx\/index.php\/wp-json\/wp\/v2\/comments?post=124304"}],"version-history":[{"count":2,"href":"https:\/\/nvnoticias.mx\/index.php\/wp-json\/wp\/v2\/posts\/124304\/revisions"}],"predecessor-version":[{"id":124309,"href":"https:\/\/nvnoticias.mx\/index.php\/wp-json\/wp\/v2\/posts\/124304\/revisions\/124309"}],"wp:featuredmedia":[{"embeddable":true,"href":"https:\/\/nvnoticias.mx\/index.php\/wp-json\/wp\/v2\/media\/124305"}],"wp:attachment":[{"href":"https:\/\/nvnoticias.mx\/index.php\/wp-json\/wp\/v2\/media?parent=124304"}],"wp:term":[{"taxonomy":"category","embeddable":true,"href":"https:\/\/nvnoticias.mx\/index.php\/wp-json\/wp\/v2\/categories?post=124304"},{"taxonomy":"post_tag","embeddable":true,"href":"https:\/\/nvnoticias.mx\/index.php\/wp-json\/wp\/v2\/tags?post=124304"}],"curies":[{"name":"wp","href":"https:\/\/api.w.org\/{rel}","templated":true}]}}